{"id":61309,"date":"2020-05-14T14:34:43","date_gmt":"2020-05-14T17:34:43","guid":{"rendered":"https:\/\/www.actualidadadiario.com\/?p=61309"},"modified":"2020-05-14T14:34:43","modified_gmt":"2020-05-14T17:34:43","slug":"se-aprobo-la-ley-de-electrodependientes-y-se-trataron-otros-proyectos-de-importancia","status":"publish","type":"post","link":"https:\/\/www.actualidadadiario.com\/index.php\/2020\/05\/14\/se-aprobo-la-ley-de-electrodependientes-y-se-trataron-otros-proyectos-de-importancia\/","title":{"rendered":"Se aprob\u00f3 la ley de electrodependientes y se trataron otros proyectos de importancia"},"content":{"rendered":"<p style=\"text-align: center;\"><em><strong>La C\u00e1mara de Senadores de Entre R\u00edos sesion\u00f3 este mi\u00e9rcoles, en lo que constituy\u00f3 la cuarta Sesi\u00f3n Ordinaria del 141\u00b0 Per\u00edodo Legislativo, durante la cual se dio sanci\u00f3n definitiva a la creaci\u00f3n de un R\u00e9gimen Tarifario Especial para aquellas personas Electrodependientes por cuestiones de salud, que se encuentren inscriptas en el Registro Provincial de Personas Electrodependientes<\/strong><\/em><\/p>\n<p>&nbsp;<\/p>\n<p>Se trat\u00f3 de la segunda sesi\u00f3n de la cual los senadores participaron por videoconferencia, mientras que en el Recinto estuvieron la presidenta de la C\u00e1mara, la vicegobernadora Laura Stratta; los presidentes de los bloques, Armando Gay (Frente Justicialista Creer Entre R\u00edos) y Francisco Morchio (Cambiemos); adem\u00e1s del secretario y prosecretario del cuerpo.<\/p>\n<p>El proyecto obtuvo media sanci\u00f3n de la C\u00e1mara de Diputados el 23 de abril, y luego de ser analizado por la Comisi\u00f3n de Salud del Senado entrerriano, se complet\u00f3 ayer la sanci\u00f3n, quedando a disposici\u00f3n del Poder Ejecutivo provincial para su promulgaci\u00f3n.<\/p>\n<p>El cuerpo tambi\u00e9n aprob\u00f3 por unanimidad un proyecto del senador justicialista Horacio Amavet (Departamento Uruguay) por el cual se prorrogan los mandatos de las actuales autoridades de todas las Entidades Profesionales de la provincia de Entre R\u00edos y sus Cajas Previsionales. El mismo fue remitido a la C\u00e1mara de Diputados para su tratamiento.<\/p>\n<p>Igualmente se dio sanci\u00f3n al proyecto del senador justicialista Juan Carlos Kloss (Departamento Paran\u00e1) por el que se incorpora al plan de obras p\u00fablicas aprobado por el Art\u00edculo 21 de la Ley de Presupuesto N\u00b0 10.754, la obra de \u201cOptimizaci\u00f3n del sistema de captaci\u00f3n de agua cruda \u2013 Refuncionalizaci\u00f3n y aumento de producci\u00f3n en Planta Ram\u00edrez y Nuevas redes maestras y enlaces desde Centro Distribuidor Ej\u00e9rcito\u201d en la ciudad de Paran\u00e1. El proyecto fue remitido a la C\u00e1mara de Diputados.<\/p>\n<p>A pedido del senador Armando Gay (Concordia) se vot\u00f3 otorgarle tratamiento preferencial, para ser tratado en la pr\u00f3xima sesi\u00f3n, con o sin despacho de comisi\u00f3n, al proyecto de ley del diputado Juan Reynaldo Navarro, venido en revisi\u00f3n de la C\u00e1mara Baja, por el cual se modifica el art\u00edculo 48\u00b0 de la Ley N\u00b0 10.644 de R\u00e9gimen Comunal.<\/p>\n<p>Tambi\u00e9n, a pedido de Gay, se dio tratamiento preferencial para la pr\u00f3xima sesi\u00f3n a un Proyecto de Ley del senador Jorge Maradey (Gualeguaych\u00fa), por el que se declara exentos del pago del Impuesto Inmobiliario Provincial y en forma temporaria, a los inmuebles pertenecientes a instituciones que, durante el estado de emergencia sanitaria, sean puestos a disposici\u00f3n y afectados para el aislamiento de pacientes leves o sospechosos de COVID-19, sean o no efectores de salud, hasta el momento en que cese dicha afectaci\u00f3n.<\/p>\n<p>Finalmente se dio sanci\u00f3n por unanimidad al proyecto de Resoluci\u00f3n de los presidentes de los bloques, Morchio y Gay, por el que se modifican art\u00edculos del Reglamento de la Honorable C\u00e1mara de Senadores, a los efectos de permitir la participaci\u00f3n de los senadores en las sesiones de manera remota, por videoconferencia, atendiendo a las medidas sanitarias y al aislamiento social preventivo y obligatorio en el marco de la pandemia del Covid 19.<\/p>\n","protected":false},"excerpt":{"rendered":"<p>La C\u00e1mara de Senadores de Entre R\u00edos sesion\u00f3 este mi\u00e9rcoles, en lo que constituy\u00f3 la cuarta Sesi\u00f3n Ordinaria del 141\u00b0 Per\u00edodo Legislativo, durante la cual se dio sanci\u00f3n definitiva a la creaci\u00f3n de un R\u00e9gimen Tarifario Especial para aquellas personas Electrodependientes por cuestiones de salud, que se encuentren inscriptas en el Registro Provincial de Personas Electrodependientes &nbsp; Se trat\u00f3 de la segunda sesi\u00f3n de la cual los senadores participaron por videoconferencia, mientras que en el Recinto estuvieron la presidenta de la C\u00e1mara, la vicegobernadora Laura Stratta; los presidentes de los&#8230;<\/p>\n","protected":false},"author":3,"featured_media":61310,"comment_status":"closed","ping_status":"closed","sticky":false,"template":"","format":"standard","meta":[],"categories":[15],"tags":[],"_links":{"self":[{"href":"https:\/\/www.actualidadadiario.com\/index.php\/wp-json\/wp\/v2\/posts\/61309"}],"collection":[{"href":"https:\/\/www.actualidadadiario.com\/index.php\/wp-json\/wp\/v2\/posts"}],"about":[{"href":"https:\/\/www.actualidadadiario.com\/index.php\/wp-json\/wp\/v2\/types\/post"}],"author":[{"embeddable":true,"href":"https:\/\/www.actualidadadiario.com\/index.php\/wp-json\/wp\/v2\/users\/3"}],"replies":[{"embeddable":true,"href":"https:\/\/www.actualidadadiario.com\/index.php\/wp-json\/wp\/v2\/comments?post=61309"}],"version-history":[{"count":1,"href":"https:\/\/www.actualidadadiario.com\/index.php\/wp-json\/wp\/v2\/posts\/61309\/revisions"}],"predecessor-version":[{"id":61311,"href":"https:\/\/www.actualidadadiario.com\/index.php\/wp-json\/wp\/v2\/posts\/61309\/revisions\/61311"}],"wp:featuredmedia":[{"embeddable":true,"href":"https:\/\/www.actualidadadiario.com\/index.php\/wp-json\/wp\/v2\/media\/61310"}],"wp:attachment":[{"href":"https:\/\/www.actualidadadiario.com\/index.php\/wp-json\/wp\/v2\/media?parent=61309"}],"wp:term":[{"taxonomy":"category","embeddable":true,"href":"https:\/\/www.actualidadadiario.com\/index.php\/wp-json\/wp\/v2\/categories?post=61309"},{"taxonomy":"post_tag","embeddable":true,"href":"https:\/\/www.actualidadadiario.com\/index.php\/wp-json\/wp\/v2\/tags?post=61309"}],"curies":[{"name":"wp","href":"https:\/\/api.w.org\/{rel}","templated":true}]}}