{"id":61306,"date":"2020-05-14T14:33:59","date_gmt":"2020-05-14T17:33:59","guid":{"rendered":"https:\/\/www.actualidadadiario.com\/?p=61306"},"modified":"2020-05-14T14:33:59","modified_gmt":"2020-05-14T17:33:59","slug":"a-partir-de-esta-semana-redengas-retomara-la-medicion-de-consumo","status":"publish","type":"post","link":"https:\/\/www.actualidadadiario.com\/index.php\/2020\/05\/14\/a-partir-de-esta-semana-redengas-retomara-la-medicion-de-consumo\/","title":{"rendered":"A partir de esta semana, Redengas retomar\u00e1 la medici\u00f3n de consumo"},"content":{"rendered":"<p style=\"text-align: center;\"><em><strong>La empresa distribuidora de gas natural inform\u00f3 que a partir de esta semana volver\u00e1 a medir el consumo de sus usuarios en lugar de realizar estimaciones. &#8220;Para nosotros es un alivio porque la estimaci\u00f3n es engorrosa y en algunos casos se puede beneficiar al consumidor, pero en otros los perjudic\u00e1s&#8221;, indic\u00f3 el gerente Administrativo de Redengas, Fernando Pe\u00f1aloza<\/strong><\/em><\/p>\n<p>&nbsp;<\/p>\n<p>&nbsp;<\/p>\n<p>En el marco de la cuarentena obligatoria, las empresas de gas y luz fueron autorizadas a estimar los niveles de consumo en lugar de realizar la lectura habitual de los medidores, exenci\u00f3n contemplada en el Reglamento del Servicio de Distribuci\u00f3n para causas excepcionales.<\/p>\n<p>Tras registrar muchos casos con estimaciones que no guardaban relaci\u00f3n con el consumo real, el ente de control del servicio de gas, Enargas, emiti\u00f3 una resoluci\u00f3n para empezar a revertirlo con los usuarios no residenciales, a la que luego se le sum\u00f3 la posibilidad de que los usuarios enviaran bajo declaraci\u00f3n jurada la lectura de su medidor.<\/p>\n<p>No obstante, y seg\u00fan informaron desde Redengas, a trav\u00e9s de un decreto el Gobierno nacional estableci\u00f3 que la medici\u00f3n del servicio de gas es considerada esencial, por lo que esta semana se retomar\u00e1n con normalidad las mediciones.<\/p>\n<p>&#8220;Para nosotros es un alivio salir a medir, porque la estimaci\u00f3n es engorrosa y tediosa, ya que en algunos casos se puede beneficiar al consumidor, pero en otros los perjudic\u00e1s&#8221;, dijo Pe\u00f1aloza.<\/p>\n<p>Al respecto, agreg\u00f3 que en este marco el sector m\u00e1s afectado fue el de comercio, &#8220;ya que se vio obligado a cerrar durante la cuarentena y no consumi\u00f3&#8221;. En ese sentido, aclar\u00f3 que desde Redengas se contemplaron las situaciones particulares -incluso antes que el Enargas emita la resoluci\u00f3n- y se refactur\u00f3 en determinados casos a favor del consumidor.<\/p>\n<p>Por \u00faltimo, Pe\u00f1aloza explic\u00f3 que la medici\u00f3n que se comenzar\u00e1 a hacer esta semana impactar\u00e1 &#8220;inmediatamente en la pr\u00f3xima facturaci\u00f3n&#8221; y agreg\u00f3: &#8220;Si hoy el usuario recibi\u00f3 una factura con medici\u00f3n estimada, en la pr\u00f3xima que se emita se va a ajustar la facturaci\u00f3n en m\u00e1s o en menos de acuerdo a la lectura real que se realice. En el caso que se hayan facturado m\u00e1s metros c\u00fabicos, se emitir\u00e1 una nota de cr\u00e9dito, y en el caso que se haya facturado de menos, la diferencia podr\u00e1 pagarse hasta en tres veces&#8221;.<\/p>\n","protected":false},"excerpt":{"rendered":"<p>La empresa distribuidora de gas natural inform\u00f3 que a partir de esta semana volver\u00e1 a medir el consumo de sus usuarios en lugar de realizar estimaciones. &#8220;Para nosotros es un alivio porque la estimaci\u00f3n es engorrosa y en algunos casos se puede beneficiar al consumidor, pero en otros los perjudic\u00e1s&#8221;, indic\u00f3 el gerente Administrativo de Redengas, Fernando Pe\u00f1aloza &nbsp; &nbsp; En el marco de la cuarentena obligatoria, las empresas de gas y luz fueron autorizadas a estimar los niveles de consumo en lugar de realizar la lectura habitual de los&#8230;<\/p>\n","protected":false},"author":3,"featured_media":61307,"comment_status":"closed","ping_status":"closed","sticky":false,"template":"","format":"standard","meta":[],"categories":[15],"tags":[],"_links":{"self":[{"href":"https:\/\/www.actualidadadiario.com\/index.php\/wp-json\/wp\/v2\/posts\/61306"}],"collection":[{"href":"https:\/\/www.actualidadadiario.com\/index.php\/wp-json\/wp\/v2\/posts"}],"about":[{"href":"https:\/\/www.actualidadadiario.com\/index.php\/wp-json\/wp\/v2\/types\/post"}],"author":[{"embeddable":true,"href":"https:\/\/www.actualidadadiario.com\/index.php\/wp-json\/wp\/v2\/users\/3"}],"replies":[{"embeddable":true,"href":"https:\/\/www.actualidadadiario.com\/index.php\/wp-json\/wp\/v2\/comments?post=61306"}],"version-history":[{"count":1,"href":"https:\/\/www.actualidadadiario.com\/index.php\/wp-json\/wp\/v2\/posts\/61306\/revisions"}],"predecessor-version":[{"id":61308,"href":"https:\/\/www.actualidadadiario.com\/index.php\/wp-json\/wp\/v2\/posts\/61306\/revisions\/61308"}],"wp:featuredmedia":[{"embeddable":true,"href":"https:\/\/www.actualidadadiario.com\/index.php\/wp-json\/wp\/v2\/media\/61307"}],"wp:attachment":[{"href":"https:\/\/www.actualidadadiario.com\/index.php\/wp-json\/wp\/v2\/media?parent=61306"}],"wp:term":[{"taxonomy":"category","embeddable":true,"href":"https:\/\/www.actualidadadiario.com\/index.php\/wp-json\/wp\/v2\/categories?post=61306"},{"taxonomy":"post_tag","embeddable":true,"href":"https:\/\/www.actualidadadiario.com\/index.php\/wp-json\/wp\/v2\/tags?post=61306"}],"curies":[{"name":"wp","href":"https:\/\/api.w.org\/{rel}","templated":true}]}}