{"id":61304,"date":"2020-05-14T14:33:08","date_gmt":"2020-05-14T17:33:08","guid":{"rendered":"https:\/\/www.actualidadadiario.com\/?p=61304"},"modified":"2020-05-14T14:33:08","modified_gmt":"2020-05-14T17:33:08","slug":"en-entre-rios-no-habra-aumentos-de-la-energia-electrica-hasta-agosto","status":"publish","type":"post","link":"https:\/\/www.actualidadadiario.com\/index.php\/2020\/05\/14\/en-entre-rios-no-habra-aumentos-de-la-energia-electrica-hasta-agosto\/","title":{"rendered":"En Entre R\u00edos no habr\u00e1 aumentos de la energ\u00eda el\u00e9ctrica hasta agosto"},"content":{"rendered":"<p style=\"text-align: center;\"><em><strong>As\u00ed lo dispuso el Ente Provincial Regulador de la Energ\u00eda (EPRE) a trav\u00e9s de la resoluci\u00f3n 70\/2020, emitida el 30 de abril y firmada por el interventor Jos\u00e9 Carlos Halle. El nuevo cuadro tarifario, que finalmente qued\u00f3 en suspenso, deb\u00eda ser aplicado por todas las distribuidoras de la provincia a partir del 1\u00b0 de mayo, con vigencia hasta el 31 de julio<\/strong><\/em><\/p>\n<p>&nbsp;<\/p>\n<p>El EPRE decidi\u00f3 mantener la vigencia de los valores del cuadro tarifario que se hab\u00eda establecido para el per\u00edodo del 1\u00ba de noviembre de 2019 al 31 de enero de 2020, debido a \u201cla suspensi\u00f3n transitoria y excepcional de todo traslado a los usuarios finales de las adecuaciones del Valor Agregado de Distribuci\u00f3n (VAD)\u201d, dispuesta por la Secretar\u00eda de Energ\u00eda mediante la Resoluci\u00f3n N\u00ba 67\/20.<\/p>\n<p>En los considerandos de la resoluci\u00f3n 70\/2020 del EPRE se hace referencia adem\u00e1s a la ley nacional 27.541, de Solidaridad Social y Reactivaci\u00f3n Productiva en el Marco de la Emergencia P\u00fablica, que en su art\u00edculo 5\u00b0 faculta al Poder Ejecutivo nacional \u201ca mantener las tarifas de electricidad y gas natural que est\u00e9n bajo jurisdicci\u00f3n federal y a iniciar un proceso de renegociaci\u00f3n de la revisi\u00f3n tarifaria integral vigente o iniciar una revisi\u00f3n de car\u00e1cter extraordinario\u201d por un plazo m\u00e1ximo de hasta 180 d\u00edas y \u201cpropendiendo a una reducci\u00f3n de la carga tarifaria real sobre los hogares, comercios e industrias para el a\u00f1o 2020\u201d.<\/p>\n<p>De todos modos, en el art\u00edculo 5\u00b0 de la Resoluci\u00f3n 70\/20 se aclara que la vigencia del Cuadro Tarifario anterior \u201cqueda condicionada a que no se produzcan modificaciones en los precios mayoristas de energ\u00eda, potencia y\/o transporte en el Mercado El\u00e9ctrico Mayorista por parte de la Secretar\u00eda de Energ\u00eda El\u00e9ctrica de la Naci\u00f3n, en cuyo caso podr\u00e1n las Distribuidoras presentar a este ENTE para su an\u00e1lisis y aprobaci\u00f3n los nuevos valores del Cuadro Tarifario, los cuales deber\u00e1n mantener sin modificaci\u00f3n el Valor Agregado de Distribuci\u00f3n\u201d.<\/p>\n","protected":false},"excerpt":{"rendered":"<p>As\u00ed lo dispuso el Ente Provincial Regulador de la Energ\u00eda (EPRE) a trav\u00e9s de la resoluci\u00f3n 70\/2020, emitida el 30 de abril y firmada por el interventor Jos\u00e9 Carlos Halle. El nuevo cuadro tarifario, que finalmente qued\u00f3 en suspenso, deb\u00eda ser aplicado por todas las distribuidoras de la provincia a partir del 1\u00b0 de mayo, con vigencia hasta el 31 de julio &nbsp; El EPRE decidi\u00f3 mantener la vigencia de los valores del cuadro tarifario que se hab\u00eda establecido para el per\u00edodo del 1\u00ba de noviembre de 2019 al 31&#8230;<\/p>\n","protected":false},"author":3,"featured_media":22805,"comment_status":"closed","ping_status":"closed","sticky":false,"template":"","format":"standard","meta":[],"categories":[9],"tags":[],"_links":{"self":[{"href":"https:\/\/www.actualidadadiario.com\/index.php\/wp-json\/wp\/v2\/posts\/61304"}],"collection":[{"href":"https:\/\/www.actualidadadiario.com\/index.php\/wp-json\/wp\/v2\/posts"}],"about":[{"href":"https:\/\/www.actualidadadiario.com\/index.php\/wp-json\/wp\/v2\/types\/post"}],"author":[{"embeddable":true,"href":"https:\/\/www.actualidadadiario.com\/index.php\/wp-json\/wp\/v2\/users\/3"}],"replies":[{"embeddable":true,"href":"https:\/\/www.actualidadadiario.com\/index.php\/wp-json\/wp\/v2\/comments?post=61304"}],"version-history":[{"count":1,"href":"https:\/\/www.actualidadadiario.com\/index.php\/wp-json\/wp\/v2\/posts\/61304\/revisions"}],"predecessor-version":[{"id":61305,"href":"https:\/\/www.actualidadadiario.com\/index.php\/wp-json\/wp\/v2\/posts\/61304\/revisions\/61305"}],"wp:featuredmedia":[{"embeddable":true,"href":"https:\/\/www.actualidadadiario.com\/index.php\/wp-json\/wp\/v2\/media\/22805"}],"wp:attachment":[{"href":"https:\/\/www.actualidadadiario.com\/index.php\/wp-json\/wp\/v2\/media?parent=61304"}],"wp:term":[{"taxonomy":"category","embeddable":true,"href":"https:\/\/www.actualidadadiario.com\/index.php\/wp-json\/wp\/v2\/categories?post=61304"},{"taxonomy":"post_tag","embeddable":true,"href":"https:\/\/www.actualidadadiario.com\/index.php\/wp-json\/wp\/v2\/tags?post=61304"}],"curies":[{"name":"wp","href":"https:\/\/api.w.org\/{rel}","templated":true}]}}