{"id":61302,"date":"2020-05-14T14:32:20","date_gmt":"2020-05-14T17:32:20","guid":{"rendered":"https:\/\/www.actualidadadiario.com\/?p=61302"},"modified":"2020-05-14T14:32:20","modified_gmt":"2020-05-14T17:32:20","slug":"la-ministra-romero-nego-injerencias-en-el-poder-judicial","status":"publish","type":"post","link":"https:\/\/www.actualidadadiario.com\/index.php\/2020\/05\/14\/la-ministra-romero-nego-injerencias-en-el-poder-judicial\/","title":{"rendered":"La Ministra Romero neg\u00f3 injerencias en el Poder Judicial"},"content":{"rendered":"<p style=\"text-align: center;\"><em><strong>La ministra de Gobierno y Justicia, Rosario Romero, neg\u00f3 que realice \u201cinjerencias indebidas\u201d en otros poderes del Estado y afirm\u00f3 que no dedica \u201cun solo minuto\u201d a da\u00f1ar a instituciones o personas. Sus declaraciones aparecieron luego de un fuerte comunicado del radicalismo y de que la pelea entre integrantes del Superior Tribunal de Justicia reviviera la acusaci\u00f3n del vocal Emilio Castrill\u00f3n de que Romero influye en la Justicia provincial<\/strong><\/em><\/p>\n<p>&nbsp;<\/p>\n<p>&nbsp;<\/p>\n<p>Romero utiliz\u00f3 para responder una columna de opini\u00f3n en el sitio \u201cP\u00e1gina Pol\u00edtica\u201d. All\u00ed, entre consideraciones de gesti\u00f3n sobre el manejo de la pandemia, expuso: \u201cQuiero expresar claramente (quienes me han seguido y conocen lo saben): no dedico un solo minuto de la vida a ninguna pr\u00e1ctica, ni idea, ni gesti\u00f3n que sea para da\u00f1ar a las instituciones o a otras personas\u201d.<\/p>\n<p>\u201cToda la labor desarrollada por el equipo del Ministerio, con el que el gobernador (Gustavo Bordet) me ha honrado, est\u00e1 vinculada a la construcci\u00f3n de un mejor funcionamiento y orientada al mejor cumplimiento de los organismos bajo mi competencia. Por eso, pueden ver los logros de los a\u00f1os en que he participado en pol\u00edtica y ver\u00e1n que pueden quedarse tranquilos: no encontrar\u00e1n en mi persona una injerencia indebida en otro poder del Estado. Pueden verlo tambi\u00e9n en el nivel de actividades diarias que sostenemos, que ocupa ma\u00f1anas y tardes en incesante labor\u201d, agreg\u00f3.<\/p>\n<p>\u201cQuienes imaginan otra cosa podr\u00e1n comprobar, en mi trayectoria, que no hallar\u00e1n conductas que infrinjan ni rocen siquiera, el orden jur\u00eddico. Tengo otras formas de entender la pol\u00edtica y me cuesta entender las acusaciones infundadas y el agravio. Muchos de mi generaci\u00f3n, que han trabajado por la conquista de la democracia, por la vigencia de los derechos humanos, por la igualdad de g\u00e9nero, podr\u00e1n dar cuenta de las mismas formas de ejercer el poder, y aun la cr\u00edtica, dentro de un sistema que atesoramos porque hemos peleado por \u00e9l. Porque aun siendo adversarios, entendemos que se debe obrar con respeto y buena fe\u201d, abund\u00f3.<\/p>\n<p>Antes, hab\u00eda confirmado: \u201cComo ministra de Gobierno y Justicia, tengo di\u00e1logo permanente en torno a las cuestiones vinculadas a mi cartera, reuniones y trabajo compartido. As\u00ed, durante a\u00f1os y en los distintos cargos que he ocupado con responsabilidad, he trabajado: por la reforma constitucional de 2008, por la ley de responsabilidad del Estado, por la sanci\u00f3n de la Ley Procesal de Familia, por la puesta en vigencia de la ley de narcomenudeo, por la sanci\u00f3n de un nuevo dise\u00f1o del Patronato de Liberados y por el concurso de dicho cargo que se ha realizado recientemente, por la introducci\u00f3n de mejoras en el Poder Judicial, desde lo que compete al Poder Ejecutivo (edificios, terrenos, propiciar transferencias, etc\u00e9tera), por la implementaci\u00f3n en la provincia del nuevo sistema de juicio por jurados, entre otras innumerables acciones en estos cuarenta a\u00f1os de mi carrera profesional y pol\u00edtica\u201d.<\/p>\n<p>&nbsp;<\/p>\n<p><strong>Cuestionamientos<\/strong><\/p>\n<p>D\u00edas atr\u00e1s, el Comit\u00e9 provincial del Radicalismo emiti\u00f3 un duro documento en el que cuestionaba el espect\u00e1culo que est\u00e1 dando la cabeza del Poder Judicial, luego de la denuncia por violencia de g\u00e9nero que le realiz\u00f3 la vocal Susana Medina a su par Emilio Castrill\u00f3n, sustentada en un mensaje por Whatsapp.<\/p>\n<p>All\u00ed, el centenario partido expuso: \u201cSi bien nunca la mencion\u00f3 p\u00fablicamente, es archiconocida la vieja rivalidad que existe entre Castrill\u00f3n y la ministra de Gobierno y Justicia, Rosario Romero, sobre quien pesa la etiqueta de h\u00e1bil operadora pol\u00edtica que juega para s\u00ed y su cooperativa siempre \u00e1vida de poder, pero que prefiere el silencio cuando su Ministerio se mancha de sangre debido a su inoperancia\u201d.<\/p>\n<p>La respuesta de Romero no hace menci\u00f3n directa a este texto, pero fue publicada apenas 48 horas despu\u00e9s. Cabe mencionar que la titular de la cartera de Gobierno esquiv\u00f3 una interpelaci\u00f3n en la c\u00e1mara de Diputados pedida por la oposici\u00f3n para que explique el accionar previo al femicidio de F\u00e1tima Acevedo.<\/p>\n<p>La Ministra tampoco hizo alusi\u00f3n expresa a los dichos de Castrill\u00f3n, referidos a la denuncia de Medina y su correlato con las declaraciones que hab\u00eda hecho el vocal del STJ antes de abandonar la presidencia del Alto Cuerpo.<\/p>\n<p>A fines del a\u00f1o pasado, Castrill\u00f3n gener\u00f3 un gran revuelo al declarar que exist\u00eda connivencia, sobre todo en causas de corrupci\u00f3n, entre un sector del poder pol\u00edtico al que ubic\u00f3 en el Ministerio de Gobierno, el Ministerio P\u00fablico Fiscal que conduce Jorge Am\u00edlcar Garc\u00eda y cierta prensa. Consultado por esta Agencia acerca de si la demanda podr\u00eda ser un remez\u00f3n de aquella situaci\u00f3n, asever\u00f3: \u201cNo lo descarto porque hay gente que es rencorosa, yo no. Siempre aclar\u00e9 que lo \u00fanico que hubiese cambiado de aquella nota era lo de \u2018mafia\u2019, no lo hubiese dicho. Al resto, siempre lo consider\u00e9 as\u00ed\u201d, sostuvo.<\/p>\n","protected":false},"excerpt":{"rendered":"<p>La ministra de Gobierno y Justicia, Rosario Romero, neg\u00f3 que realice \u201cinjerencias indebidas\u201d en otros poderes del Estado y afirm\u00f3 que no dedica \u201cun solo minuto\u201d a da\u00f1ar a instituciones o personas. Sus declaraciones aparecieron luego de un fuerte comunicado del radicalismo y de que la pelea entre integrantes del Superior Tribunal de Justicia reviviera la acusaci\u00f3n del vocal Emilio Castrill\u00f3n de que Romero influye en la Justicia provincial &nbsp; &nbsp; Romero utiliz\u00f3 para responder una columna de opini\u00f3n en el sitio \u201cP\u00e1gina Pol\u00edtica\u201d. All\u00ed, entre consideraciones de gesti\u00f3n sobre&#8230;<\/p>\n","protected":false},"author":3,"featured_media":41780,"comment_status":"closed","ping_status":"closed","sticky":false,"template":"","format":"standard","meta":[],"categories":[9],"tags":[],"_links":{"self":[{"href":"https:\/\/www.actualidadadiario.com\/index.php\/wp-json\/wp\/v2\/posts\/61302"}],"collection":[{"href":"https:\/\/www.actualidadadiario.com\/index.php\/wp-json\/wp\/v2\/posts"}],"about":[{"href":"https:\/\/www.actualidadadiario.com\/index.php\/wp-json\/wp\/v2\/types\/post"}],"author":[{"embeddable":true,"href":"https:\/\/www.actualidadadiario.com\/index.php\/wp-json\/wp\/v2\/users\/3"}],"replies":[{"embeddable":true,"href":"https:\/\/www.actualidadadiario.com\/index.php\/wp-json\/wp\/v2\/comments?post=61302"}],"version-history":[{"count":1,"href":"https:\/\/www.actualidadadiario.com\/index.php\/wp-json\/wp\/v2\/posts\/61302\/revisions"}],"predecessor-version":[{"id":61303,"href":"https:\/\/www.actualidadadiario.com\/index.php\/wp-json\/wp\/v2\/posts\/61302\/revisions\/61303"}],"wp:featuredmedia":[{"embeddable":true,"href":"https:\/\/www.actualidadadiario.com\/index.php\/wp-json\/wp\/v2\/media\/41780"}],"wp:attachment":[{"href":"https:\/\/www.actualidadadiario.com\/index.php\/wp-json\/wp\/v2\/media?parent=61302"}],"wp:term":[{"taxonomy":"category","embeddable":true,"href":"https:\/\/www.actualidadadiario.com\/index.php\/wp-json\/wp\/v2\/categories?post=61302"},{"taxonomy":"post_tag","embeddable":true,"href":"https:\/\/www.actualidadadiario.com\/index.php\/wp-json\/wp\/v2\/tags?post=61302"}],"curies":[{"name":"wp","href":"https:\/\/api.w.org\/{rel}","templated":true}]}}