{"id":61299,"date":"2020-05-12T17:13:51","date_gmt":"2020-05-12T20:13:51","guid":{"rendered":"https:\/\/www.actualidadadiario.com\/?p=61299"},"modified":"2020-05-12T17:13:51","modified_gmt":"2020-05-12T20:13:51","slug":"capturan-en-brasil-al-represor-de-la-esma-que-secuestro-a-rodolfo-walsh","status":"publish","type":"post","link":"https:\/\/www.actualidadadiario.com\/index.php\/2020\/05\/12\/capturan-en-brasil-al-represor-de-la-esma-que-secuestro-a-rodolfo-walsh\/","title":{"rendered":"Capturan en Brasil al represor de la ESMA que secuestr\u00f3 a Rodolfo Walsh"},"content":{"rendered":"<p style=\"text-align: center;\"><em><strong>El ex marino de 69 a\u00f1os ser\u00e1 extraditado a la Argentina. Est\u00e1 acusado de cr\u00edmenes de lesa humanidad y de participar en el secuestro del periodista y escritor en 1977<\/strong><\/em><\/p>\n<p>&nbsp;<\/p>\n<p>&nbsp;<\/p>\n<p>Un represor argentino acusado de cr\u00edmenes de lesa humanidad y de haber participado de los grupos de tareas de la Escuela Superior Mec\u00e1nica de la Armada (ESMA), que secuestr\u00f3 al escritor y periodista Rodolfo Walsh en la dictadura c\u00edvico militar (1976-1983), fue detenido en R\u00edo de Janeiro, inform\u00f3 hoy a T\u00e9lam un portavoz diplom\u00e1tico.<\/p>\n<p>Se trata de Gonzalo S\u00e1nchez, conocido como &#8220;Chispa&#8221;, quien fue detenido en la tarde del lunes por la Polic\u00eda Federal brasile\u00f1a en la ciudad de Paraty, en la regi\u00f3n sur del estado de R\u00edo de Janeiro, por una orden de captura del Supremo Tribunal Federal de Brasil, para extraditarlo a la Argentina.<\/p>\n<p>S\u00e1nchez, de 69 a\u00f1os, fue detenido por orden del juez Luiz Fux, del Supremo Tribunal Federal, que tramita la extradici\u00f3n.<\/p>\n<p>Este ser\u00e1 el primer caso de extradici\u00f3n sobre asuntos de derechos humanos del Gobierno del presidente Jair Bolsonaro, quien reivindica a la dictadura militar brasile\u00f1a y recientemente elogi\u00f3 a los ex dictadores Alfredo Stroessner, de Paraguay, y Augusto Pinochet, de Chile.<\/p>\n<p>En un comunicado, la Polic\u00eda Federal de Brasil inform\u00f3 que S\u00e1nchez participaba tambi\u00e9n de los llamados &#8216;vuelos de la muerte&#8217; para lanzar al R\u00edo de la Plata y al Oc\u00e9ano Atl\u00e1ntico a secuestrados detenidos desaparecidos.<\/p>\n<p>&#8220;El pedido de prisi\u00f3n preventiva para extradici\u00f3n fue formulado por la representaci\u00f3n nacional de Interpol, con base en informaciones de las Alertas Rojas incluidas all\u00ed por las autoridades argentinas&#8221;, dice el comunicado.<\/p>\n<p>S\u00e1nchez hab\u00eda sido detenido en 2013 en la ciudad de Angra dos Reis, tambi\u00e9n en el litoral sur de R\u00edo de Janeiro, para extradici\u00f3n, pero en 2016 obtuvo la prisi\u00f3n domiciliaria, de la que se escap\u00f3.<\/p>\n<p>S\u00e1nchez se hab\u00eda radicado en Brasil para trabajar en la industria naval en el litoral de R\u00edo de Janeiro.<\/p>\n<p>Un nuevo pedido de captura lleg\u00f3 en 2019 y el Supremo Tribunal Federal autoriz\u00f3 la extradici\u00f3n hacia Argentina.<\/p>\n<p>El pedido de captura reciente fue realizado el 29 de enero por el ministro Fux, del Supremo Tribunal Federal.<\/p>\n<p>Las instituciones involucradas en la captura del represor se encuentran en el primer plano de tensi\u00f3n pol\u00edtica de Brasil.<\/p>\n<p>El Supremo Tribunal Federal investiga esta semana a Bolsonaro por supuesta manipulaci\u00f3n para controlar las investigaciones sigilosas de la Polic\u00eda Federal.<\/p>\n<p>Bolsonaro y su Gobierno reivindican a la dictadura brasile\u00f1a, cuyos autores de cr\u00edmenes contra la humanidad no fueron juzgados en virtud de la Ley de Amnist\u00eda de 1979, que permiti\u00f3 la transici\u00f3n democr\u00e1tica pero tambi\u00e9n una barrera para evitar procesar a los militares.<\/p>\n","protected":false},"excerpt":{"rendered":"<p>El ex marino de 69 a\u00f1os ser\u00e1 extraditado a la Argentina. Est\u00e1 acusado de cr\u00edmenes de lesa humanidad y de participar en el secuestro del periodista y escritor en 1977 &nbsp; &nbsp; Un represor argentino acusado de cr\u00edmenes de lesa humanidad y de haber participado de los grupos de tareas de la Escuela Superior Mec\u00e1nica de la Armada (ESMA), que secuestr\u00f3 al escritor y periodista Rodolfo Walsh en la dictadura c\u00edvico militar (1976-1983), fue detenido en R\u00edo de Janeiro, inform\u00f3 hoy a T\u00e9lam un portavoz diplom\u00e1tico. Se trata de Gonzalo&#8230;<\/p>\n","protected":false},"author":3,"featured_media":61300,"comment_status":"closed","ping_status":"closed","sticky":false,"template":"","format":"standard","meta":[],"categories":[4],"tags":[],"_links":{"self":[{"href":"https:\/\/www.actualidadadiario.com\/index.php\/wp-json\/wp\/v2\/posts\/61299"}],"collection":[{"href":"https:\/\/www.actualidadadiario.com\/index.php\/wp-json\/wp\/v2\/posts"}],"about":[{"href":"https:\/\/www.actualidadadiario.com\/index.php\/wp-json\/wp\/v2\/types\/post"}],"author":[{"embeddable":true,"href":"https:\/\/www.actualidadadiario.com\/index.php\/wp-json\/wp\/v2\/users\/3"}],"replies":[{"embeddable":true,"href":"https:\/\/www.actualidadadiario.com\/index.php\/wp-json\/wp\/v2\/comments?post=61299"}],"version-history":[{"count":1,"href":"https:\/\/www.actualidadadiario.com\/index.php\/wp-json\/wp\/v2\/posts\/61299\/revisions"}],"predecessor-version":[{"id":61301,"href":"https:\/\/www.actualidadadiario.com\/index.php\/wp-json\/wp\/v2\/posts\/61299\/revisions\/61301"}],"wp:featuredmedia":[{"embeddable":true,"href":"https:\/\/www.actualidadadiario.com\/index.php\/wp-json\/wp\/v2\/media\/61300"}],"wp:attachment":[{"href":"https:\/\/www.actualidadadiario.com\/index.php\/wp-json\/wp\/v2\/media?parent=61299"}],"wp:term":[{"taxonomy":"category","embeddable":true,"href":"https:\/\/www.actualidadadiario.com\/index.php\/wp-json\/wp\/v2\/categories?post=61299"},{"taxonomy":"post_tag","embeddable":true,"href":"https:\/\/www.actualidadadiario.com\/index.php\/wp-json\/wp\/v2\/tags?post=61299"}],"curies":[{"name":"wp","href":"https:\/\/api.w.org\/{rel}","templated":true}]}}