{"id":61296,"date":"2020-05-12T17:12:54","date_gmt":"2020-05-12T20:12:54","guid":{"rendered":"https:\/\/www.actualidadadiario.com\/?p=61296"},"modified":"2020-05-12T17:12:54","modified_gmt":"2020-05-12T20:12:54","slug":"bolsonaro-habilito-peluquerias-y-gimnasios-pero-el-ministro-de-salud-se-entero-por-los-medios","status":"publish","type":"post","link":"https:\/\/www.actualidadadiario.com\/index.php\/2020\/05\/12\/bolsonaro-habilito-peluquerias-y-gimnasios-pero-el-ministro-de-salud-se-entero-por-los-medios\/","title":{"rendered":"Bolsonaro habilit\u00f3 peluquer\u00edas y gimnasios, pero el ministro de Salud se enter\u00f3 por los medios"},"content":{"rendered":"<p style=\"text-align: center;\"><em><strong>Fueron definidos como servicios esenciales por decreto. Nelson Teich tom\u00f3 conocimiento de la situaci\u00f3n cuando periodistas le preguntaron al respecto<\/strong><\/em><\/p>\n<p>&nbsp;<\/p>\n<p>&nbsp;<\/p>\n<p>El presidente de Brasil, Jair Bolsonaro, decret\u00f3 que las peluquer\u00edas y gimnasios son &#8220;servicios esenciales&#8221; sin consultar a su ministro de Salud, Nelson Teich, que se enter\u00f3 de la medida cuando periodistas le preguntaron al respecto durante una conferencia de prensa sobre la situaci\u00f3n sanitaria.<\/p>\n<p>A pesar de las alarmantes cifras de contagios y muertes en el pa\u00eds que gobierna, Bolsonaro habilit\u00f3 la reapertura de gimnasios, barber\u00edas y salones de belleza. Hasta ayer, las autoridades sanitarias registraban 11.519 muertos, y as\u00ed Brasil se erige como el pa\u00eds con m\u00e1s contagiados y fallecidos en toda Am\u00e9rica Latina.<\/p>\n<p>La decisi\u00f3n recibi\u00f3 el rechazo de gobernadores e intendentes, que mantienen medidas restrictivas o bloqueos totales de aislamiento social para evitar la proliferaci\u00f3n de contagios, lo cual es posible gracias a un fallo de la Corte Suprema que les dio la potestad de no aplicar las medidas federales.<\/p>\n<p>La situaci\u00f3n de tensi\u00f3n pol\u00edtica en los cargos ejecutivos en todo el pa\u00eds es cada vez peor debido a la oposici\u00f3n generalizada a las medidas del presidente Bolsonaro, lo cual qued\u00f3 explicitado en el desplazo del anterior titular de la cartera sanitaria, Luiz Mandetta.<\/p>\n<p>Teich, m\u00e9dico y empresario del sistema privado que asumi\u00f3 hace poco en reemplazo de Mandetta, manifest\u00f3 no estar al tanto del nuevo decreto, a pesar de que en el documento se cita al Ministerio de Salud como fuente de consulta para habilitar nuevas actividades.<\/p>\n<p>&#8220;\u00bfEse decreto sali\u00f3 hoy? No tuvimos nada que ver, es algo del presidente&#8221;, admiti\u00f3 Teich ante la consulta period\u00edstica sobre cu\u00e1l era su opini\u00f3n sobre la medida. En paralelo, Bolsonaro declaraba en la residencia presidencial que &#8220;el ejercicio es salud y la higiene es salud&#8221;, al defender a los gimnasios y peluquer\u00edas como actividades esenciales.<\/p>\n<p>La medida, de car\u00e1cter federal y unilateral, no afecta directamente a los estados, pero les pone presi\u00f3n frente a los comerciantes que reclaman el regreso a las actividades.<\/p>\n<p>Los gobernadores de Cear\u00e1, Maranhao, Bahia, Espirito Santo, Rio de Janeiro y Par\u00e1 ya rechazaron el decreto y anticiparon que no lo aplicar\u00e1n, en base a la autonom\u00eda otorgada por el Supremo Tribunal Federal para enfrentar la pandemia.<\/p>\n<p>Teich, sin experiencia en el sector p\u00fablico, comenz\u00f3 a ser tildado de &#8220;comunista&#8221; por los bolsonaristas en las redes sociales porque evit\u00f3 alinearse con el presidente en recomendar la cloroquina, remedio para la malaria y el lupus, combatir la enfermedad, a pesar de que ninguna prueba avala la efectividad de su uso. Esta sugerencia tambi\u00e9n la hab\u00eda hecho el mandatario de Estados Unidos, Donald Trump, tambi\u00e9n sin fundamento cient\u00edfico alguno.<\/p>\n","protected":false},"excerpt":{"rendered":"<p>Fueron definidos como servicios esenciales por decreto. Nelson Teich tom\u00f3 conocimiento de la situaci\u00f3n cuando periodistas le preguntaron al respecto &nbsp; &nbsp; El presidente de Brasil, Jair Bolsonaro, decret\u00f3 que las peluquer\u00edas y gimnasios son &#8220;servicios esenciales&#8221; sin consultar a su ministro de Salud, Nelson Teich, que se enter\u00f3 de la medida cuando periodistas le preguntaron al respecto durante una conferencia de prensa sobre la situaci\u00f3n sanitaria. A pesar de las alarmantes cifras de contagios y muertes en el pa\u00eds que gobierna, Bolsonaro habilit\u00f3 la reapertura de gimnasios, barber\u00edas y&#8230;<\/p>\n","protected":false},"author":3,"featured_media":61297,"comment_status":"closed","ping_status":"closed","sticky":false,"template":"","format":"standard","meta":[],"categories":[4],"tags":[],"_links":{"self":[{"href":"https:\/\/www.actualidadadiario.com\/index.php\/wp-json\/wp\/v2\/posts\/61296"}],"collection":[{"href":"https:\/\/www.actualidadadiario.com\/index.php\/wp-json\/wp\/v2\/posts"}],"about":[{"href":"https:\/\/www.actualidadadiario.com\/index.php\/wp-json\/wp\/v2\/types\/post"}],"author":[{"embeddable":true,"href":"https:\/\/www.actualidadadiario.com\/index.php\/wp-json\/wp\/v2\/users\/3"}],"replies":[{"embeddable":true,"href":"https:\/\/www.actualidadadiario.com\/index.php\/wp-json\/wp\/v2\/comments?post=61296"}],"version-history":[{"count":1,"href":"https:\/\/www.actualidadadiario.com\/index.php\/wp-json\/wp\/v2\/posts\/61296\/revisions"}],"predecessor-version":[{"id":61298,"href":"https:\/\/www.actualidadadiario.com\/index.php\/wp-json\/wp\/v2\/posts\/61296\/revisions\/61298"}],"wp:featuredmedia":[{"embeddable":true,"href":"https:\/\/www.actualidadadiario.com\/index.php\/wp-json\/wp\/v2\/media\/61297"}],"wp:attachment":[{"href":"https:\/\/www.actualidadadiario.com\/index.php\/wp-json\/wp\/v2\/media?parent=61296"}],"wp:term":[{"taxonomy":"category","embeddable":true,"href":"https:\/\/www.actualidadadiario.com\/index.php\/wp-json\/wp\/v2\/categories?post=61296"},{"taxonomy":"post_tag","embeddable":true,"href":"https:\/\/www.actualidadadiario.com\/index.php\/wp-json\/wp\/v2\/tags?post=61296"}],"curies":[{"name":"wp","href":"https:\/\/api.w.org\/{rel}","templated":true}]}}