{"id":61285,"date":"2020-05-12T17:04:43","date_gmt":"2020-05-12T20:04:43","guid":{"rendered":"https:\/\/www.actualidadadiario.com\/?p=61285"},"modified":"2020-05-12T17:04:43","modified_gmt":"2020-05-12T20:04:43","slug":"un-decretazo-de-lopez-obrador-vuelve-a-militarizar-a-mexico","status":"publish","type":"post","link":"https:\/\/www.actualidadadiario.com\/index.php\/2020\/05\/12\/un-decretazo-de-lopez-obrador-vuelve-a-militarizar-a-mexico\/","title":{"rendered":"Un decretazo de L\u00f3pez Obrador vuelve a militarizar a M\u00e9xico"},"content":{"rendered":"<p style=\"text-align: center;\"><em><strong>El presidente de M\u00e9xico entreg\u00f3 a las Fuerzas Armadas la seguridad p\u00fablica por lo que resta de su mandato. La instituci\u00f3n est\u00e1 se\u00f1alada por violaciones a los derechos humanos y corrupci\u00f3n en la lucha contra el narco<\/strong><\/em><\/p>\n<p>&nbsp;<\/p>\n<p>&nbsp;<\/p>\n<p>El presidente de M\u00e9xico, el izquierdista Andr\u00e9s Manuel L\u00f3pez Obrador, public\u00f3 el lunes un decreto por el cual entrega a las Fuerzas Armadas mexicanas el control de la seguridad p\u00fablica del pa\u00eds por los pr\u00f3ximos cuatro a\u00f1os, una decisi\u00f3n no exenta de pol\u00e9mica.<\/p>\n<p>La decisi\u00f3n del mandatario viene, de hecho a legalizar y formalizar algo que ocurre en M\u00e9xico desde 2006, cuando el entonces presidente Felipe Calder\u00f3n lanz\u00f3 su guerra contra el narco y sac\u00f3 de los cuarteles a los miliares para que cumplan funciones policiales, como la lucha contra el crimen organizado.<\/p>\n<p>El argumento que us\u00f3 L\u00f3pez Obrador para avanzar con un medida conflictiva en M\u00e9xico fue que tanto el Ej\u00e9rcito como la Marina cumplir\u00e1n funciones de seguridad p\u00fablica como respaldo de la flamante Guardia Nacional \u2013creada bajo su gobierno- y por ello la vigencia ser\u00e1 mientras el nuevo organismo de seguridad militarizada completa su estructura.<\/p>\n<p>La Guardia Nacional, record\u00f3 Expansi\u00f3n, fue creada para hacer frente a los altos niveles de inseguridad que prevalecen en M\u00e9xico desde hace a\u00f1os. El gobierno afirma que los indicadores de violencia se encuentran dentro de una \u201cl\u00ednea de contenci\u00f3n\u201d, no obstante marzo se convirti\u00f3 en el mes con m\u00e1s homicidios de esta administraci\u00f3n al registrarse 3.078 casos.<\/p>\n<p>El decreto es, para analistas, ni m\u00e1s ni menos que el golpe final de un abrumador cambio de discurso de L\u00f3pez Obrador quien, durante los a\u00f1os en que lider\u00f3 la oposici\u00f3n, fue el mayor cr\u00edtica a la pol\u00edtica de militarizar la seguridad p\u00fablica y la lucha contra los c\u00e1rteles del narcotr\u00e1fico en M\u00e9xico.<\/p>\n<p>Es, adem\u00e1s, una cesi\u00f3n casi total de poder a las Fuerzas Armadas, denunciadas por ONG por violaciones a los derechos humanos y por poseer estructuras corruptas en su interior, todo como parte del combate al narco.<\/p>\n<p>Alejandro Madrazo, acad\u00e9mico del CIDE y experto en pol\u00edticas de seguridad, citado por el diario espa\u00f1ol El Pa\u00eds, afirm\u00f3 que \u201clo que acaba de implantar L\u00f3pez Obrador es la misma estrategia que fund\u00f3 Felipe Calder\u00f3n y extendi\u00f3 de Pe\u00f1a Nieto, centralizar las labores de seguridad p\u00fablica en el Ej\u00e9rcito\u201d.<\/p>\n<p>\u201cEn la nueva norma no se establece ning\u00fan mecanismo de supervisi\u00f3n, no obliga a la subordinaci\u00f3n al mando civil, sino la mera coordinaci\u00f3n, no delimita sus funciones y no est\u00e1 suficientemente regulado\u201d, advirti\u00f3.<\/p>\n<p>Los principales partidos de la oposici\u00f3n \u2013que en pasado apoyaron la salida de los cuarteles de los uniformados- reaccionaron ahora denunciando la militarizaci\u00f3n de M\u00e9xico y el incumplimiento de garantizar un mando civil de las funciones policiales, tal era el objetivo de la Guardia Nacional.<\/p>\n<p>Los observadores esperan una lluvia de denuncias por inconstitucionalidad que frene en la justicia el decretazo de L\u00f3pez Obrador. Cabe recordar que, dos atr\u00e1s, la Corte Suprema declar\u00f3 inconstitucional la ley de Seguridad Interior el entonces presidente Enrique Pe\u00f1a Nieto, la cual normalizaba la presencia de las Fuerzas Armadas en las calles.<\/p>\n","protected":false},"excerpt":{"rendered":"<p>El presidente de M\u00e9xico entreg\u00f3 a las Fuerzas Armadas la seguridad p\u00fablica por lo que resta de su mandato. La instituci\u00f3n est\u00e1 se\u00f1alada por violaciones a los derechos humanos y corrupci\u00f3n en la lucha contra el narco &nbsp; &nbsp; El presidente de M\u00e9xico, el izquierdista Andr\u00e9s Manuel L\u00f3pez Obrador, public\u00f3 el lunes un decreto por el cual entrega a las Fuerzas Armadas mexicanas el control de la seguridad p\u00fablica del pa\u00eds por los pr\u00f3ximos cuatro a\u00f1os, una decisi\u00f3n no exenta de pol\u00e9mica. La decisi\u00f3n del mandatario viene, de hecho a&#8230;<\/p>\n","protected":false},"author":3,"featured_media":61286,"comment_status":"closed","ping_status":"closed","sticky":false,"template":"","format":"standard","meta":[],"categories":[4],"tags":[],"_links":{"self":[{"href":"https:\/\/www.actualidadadiario.com\/index.php\/wp-json\/wp\/v2\/posts\/61285"}],"collection":[{"href":"https:\/\/www.actualidadadiario.com\/index.php\/wp-json\/wp\/v2\/posts"}],"about":[{"href":"https:\/\/www.actualidadadiario.com\/index.php\/wp-json\/wp\/v2\/types\/post"}],"author":[{"embeddable":true,"href":"https:\/\/www.actualidadadiario.com\/index.php\/wp-json\/wp\/v2\/users\/3"}],"replies":[{"embeddable":true,"href":"https:\/\/www.actualidadadiario.com\/index.php\/wp-json\/wp\/v2\/comments?post=61285"}],"version-history":[{"count":1,"href":"https:\/\/www.actualidadadiario.com\/index.php\/wp-json\/wp\/v2\/posts\/61285\/revisions"}],"predecessor-version":[{"id":61287,"href":"https:\/\/www.actualidadadiario.com\/index.php\/wp-json\/wp\/v2\/posts\/61285\/revisions\/61287"}],"wp:featuredmedia":[{"embeddable":true,"href":"https:\/\/www.actualidadadiario.com\/index.php\/wp-json\/wp\/v2\/media\/61286"}],"wp:attachment":[{"href":"https:\/\/www.actualidadadiario.com\/index.php\/wp-json\/wp\/v2\/media?parent=61285"}],"wp:term":[{"taxonomy":"category","embeddable":true,"href":"https:\/\/www.actualidadadiario.com\/index.php\/wp-json\/wp\/v2\/categories?post=61285"},{"taxonomy":"post_tag","embeddable":true,"href":"https:\/\/www.actualidadadiario.com\/index.php\/wp-json\/wp\/v2\/tags?post=61285"}],"curies":[{"name":"wp","href":"https:\/\/api.w.org\/{rel}","templated":true}]}}