{"id":61275,"date":"2020-05-12T17:01:23","date_gmt":"2020-05-12T20:01:23","guid":{"rendered":"https:\/\/www.actualidadadiario.com\/?p=61275"},"modified":"2020-05-12T17:01:38","modified_gmt":"2020-05-12T20:01:38","slug":"trotta-cree-que-la-vuelta-a-las-clases-se-daria-en-agosto","status":"publish","type":"post","link":"https:\/\/www.actualidadadiario.com\/index.php\/2020\/05\/12\/trotta-cree-que-la-vuelta-a-las-clases-se-daria-en-agosto\/","title":{"rendered":"Trotta cree que la vuelta a las clases se dar\u00eda en agosto"},"content":{"rendered":"<p style=\"text-align: center;\"><em><strong>El ministro de Educaci\u00f3n subray\u00f3 que ese es &#8220;un escenario posible&#8221; si &#8220;la salud lo permite&#8221;<\/strong><\/em><\/p>\n<p>&nbsp;<\/p>\n<p>El ministro de Educaci\u00f3n, Nicol\u00e1s Trotta, subray\u00f3 hoy que &#8220;agosto&#8221; es el &#8220;escenario&#8221; que prev\u00e9n para la vuelta a clases con un &#8220;sistema dual&#8221; entre las escuelas y la educaci\u00f3n a distancia, a la vez que anticip\u00f3 que se otorgar\u00edan &#8220;licencias&#8221; para uno de los dos padres con el objetivo de que permanezcan en el hogar con los menores.<\/p>\n<p>&#8220;No estamos en un momento de volver a las aulas. Todav\u00eda falta por la realidad de la pandemia en la Argentina&#8221;, sostuvo el funcionario nacional.<\/p>\n<p>En declaraciones radiales, el integrante del Gabinete ratific\u00f3 que se eval\u00faa implementar un &#8220;regreso escalonado&#8221; con un &#8220;sistema dual&#8221; entre educaci\u00f3n en las aulas y a distancia, para as\u00ed evitar la aglomeraci\u00f3n de chicos en las escuelas.<\/p>\n<p>&#8220;El escenario ideal ser\u00eda que los alumnos vayan dos o tres veces por semana a la escuela&#8221;, indic\u00f3 el titular de la cartera educativa.<\/p>\n","protected":false},"excerpt":{"rendered":"<p>El ministro de Educaci\u00f3n subray\u00f3 que ese es &#8220;un escenario posible&#8221; si &#8220;la salud lo permite&#8221; &nbsp; El ministro de Educaci\u00f3n, Nicol\u00e1s Trotta, subray\u00f3 hoy que &#8220;agosto&#8221; es el &#8220;escenario&#8221; que prev\u00e9n para la vuelta a clases con un &#8220;sistema dual&#8221; entre las escuelas y la educaci\u00f3n a distancia, a la vez que anticip\u00f3 que se otorgar\u00edan &#8220;licencias&#8221; para uno de los dos padres con el objetivo de que permanezcan en el hogar con los menores. &#8220;No estamos en un momento de volver a las aulas. Todav\u00eda falta por la&#8230;<\/p>\n","protected":false},"author":3,"featured_media":61276,"comment_status":"closed","ping_status":"closed","sticky":false,"template":"","format":"standard","meta":[],"categories":[18],"tags":[],"_links":{"self":[{"href":"https:\/\/www.actualidadadiario.com\/index.php\/wp-json\/wp\/v2\/posts\/61275"}],"collection":[{"href":"https:\/\/www.actualidadadiario.com\/index.php\/wp-json\/wp\/v2\/posts"}],"about":[{"href":"https:\/\/www.actualidadadiario.com\/index.php\/wp-json\/wp\/v2\/types\/post"}],"author":[{"embeddable":true,"href":"https:\/\/www.actualidadadiario.com\/index.php\/wp-json\/wp\/v2\/users\/3"}],"replies":[{"embeddable":true,"href":"https:\/\/www.actualidadadiario.com\/index.php\/wp-json\/wp\/v2\/comments?post=61275"}],"version-history":[{"count":2,"href":"https:\/\/www.actualidadadiario.com\/index.php\/wp-json\/wp\/v2\/posts\/61275\/revisions"}],"predecessor-version":[{"id":61278,"href":"https:\/\/www.actualidadadiario.com\/index.php\/wp-json\/wp\/v2\/posts\/61275\/revisions\/61278"}],"wp:featuredmedia":[{"embeddable":true,"href":"https:\/\/www.actualidadadiario.com\/index.php\/wp-json\/wp\/v2\/media\/61276"}],"wp:attachment":[{"href":"https:\/\/www.actualidadadiario.com\/index.php\/wp-json\/wp\/v2\/media?parent=61275"}],"wp:term":[{"taxonomy":"category","embeddable":true,"href":"https:\/\/www.actualidadadiario.com\/index.php\/wp-json\/wp\/v2\/categories?post=61275"},{"taxonomy":"post_tag","embeddable":true,"href":"https:\/\/www.actualidadadiario.com\/index.php\/wp-json\/wp\/v2\/tags?post=61275"}],"curies":[{"name":"wp","href":"https:\/\/api.w.org\/{rel}","templated":true}]}}