{"id":61272,"date":"2020-05-12T17:00:30","date_gmt":"2020-05-12T20:00:30","guid":{"rendered":"https:\/\/www.actualidadadiario.com\/?p=61272"},"modified":"2020-05-12T17:00:30","modified_gmt":"2020-05-12T20:00:30","slug":"para-gerardo-morales-las-politicas-sanitarias-del-gobierno-salvaron-entre-2-500-y-3-000-vidas","status":"publish","type":"post","link":"https:\/\/www.actualidadadiario.com\/index.php\/2020\/05\/12\/para-gerardo-morales-las-politicas-sanitarias-del-gobierno-salvaron-entre-2-500-y-3-000-vidas\/","title":{"rendered":"Para Gerardo Morales, las pol\u00edticas sanitarias del Gobierno &#8220;salvaron entre 2.500 y 3.000 vidas&#8221;"},"content":{"rendered":"<p style=\"text-align: center;\"><em><strong>El gobernador de Jujuy se mostr\u00f3 de acuerdo con las medidas que tom\u00f3 el gobierno nacional y consider\u00f3 que &#8220;quienes se sienten inc\u00f3modos con la posici\u00f3n de apoyarlas deben ir al psic\u00f3logo&#8221;<\/strong><\/em><\/p>\n<p>&nbsp;<\/p>\n<p>&nbsp;<\/p>\n<p>El gobernador de Jujuy, Gerardo Morales, dijo que las pol\u00edticas sanitarias del Gobierno &#8220;salvaron entre 2.500 y 3.000 vidas&#8221; de la pandemia de coronavirus y consider\u00f3 que &#8220;quienes se sienten inc\u00f3modos con la posici\u00f3n de apoyar las medidas oficiales deben ir al psic\u00f3logo&#8221;.<\/p>\n<p>&#8220;Es distinto estar en la gesti\u00f3n y administrar una pandemia; concuerdo con lo que ha hecho el gobierno nacional y, seg\u00fan mis c\u00e1lculos, se salv\u00f3 de 2.500 a 3.000 vidas, comparando con lo que se hizo en Brasil&#8221;, sostuvo Morales, al ponderar su trabajo &#8220;codo a codo&#8221; con el oficialismo.<\/p>\n<p>Morales reconoci\u00f3 que &#8220;es posible&#8221; que la coalici\u00f3n Juntos por el Cambio, integrada por la UCR, PRO y la Coalici\u00f3n C\u00edvica, no tenga una mirada unificada sobre c\u00f3mo se administra la pandemia.<\/p>\n<p>&#8220;Los que se sienten inc\u00f3modos con esta posici\u00f3n de apoyar las medidas oficiales deben ir al psic\u00f3logo&#8221;, apunt\u00f3.<\/p>\n<p>Por otra parte, el gobernador radical explic\u00f3 que, en la fase 4 de cuarentena iniciada el lunes en la provincia, &#8220;ya se reactivaron muchos sectores, como deportes individuales, obras privadas, bares y confiter\u00edas&#8221;.<\/p>\n<p>&#8220;La gente todav\u00eda no sale mucho y est\u00e1 con miedo, pero se va reactivando de a poco&#8221;, cont\u00f3 Morales, en di\u00e1logo con la radio FM Metro, tras resaltar que la provincia lleva 37 d\u00edas consecutivos sin contagios.<\/p>\n<p>El gobernador explic\u00f3 que se mantienen &#8220;normas muy estrictas de circulaci\u00f3n por terminaci\u00f3n del n\u00famero de documento, lo que permite circular s\u00f3lo tres d\u00edas por semana&#8221; y adelant\u00f3 que aguarda autorizaci\u00f3n para hacer turismo interno en la provincia con el plan &#8220;Jujuy para los juje\u00f1os&#8221;.<\/p>\n<p>Asimismo, Morales reiter\u00f3 su respaldo al Gobierno nacional en su oferta para el pago de la deuda al destacar que &#8220;los bonistas no pueden pretender otra cosa y tienen que ser racionales&#8221;.<\/p>\n","protected":false},"excerpt":{"rendered":"<p>El gobernador de Jujuy se mostr\u00f3 de acuerdo con las medidas que tom\u00f3 el gobierno nacional y consider\u00f3 que &#8220;quienes se sienten inc\u00f3modos con la posici\u00f3n de apoyarlas deben ir al psic\u00f3logo&#8221; &nbsp; &nbsp; El gobernador de Jujuy, Gerardo Morales, dijo que las pol\u00edticas sanitarias del Gobierno &#8220;salvaron entre 2.500 y 3.000 vidas&#8221; de la pandemia de coronavirus y consider\u00f3 que &#8220;quienes se sienten inc\u00f3modos con la posici\u00f3n de apoyar las medidas oficiales deben ir al psic\u00f3logo&#8221;. &#8220;Es distinto estar en la gesti\u00f3n y administrar una pandemia; concuerdo con lo&#8230;<\/p>\n","protected":false},"author":3,"featured_media":61273,"comment_status":"closed","ping_status":"closed","sticky":false,"template":"","format":"standard","meta":[],"categories":[18],"tags":[],"_links":{"self":[{"href":"https:\/\/www.actualidadadiario.com\/index.php\/wp-json\/wp\/v2\/posts\/61272"}],"collection":[{"href":"https:\/\/www.actualidadadiario.com\/index.php\/wp-json\/wp\/v2\/posts"}],"about":[{"href":"https:\/\/www.actualidadadiario.com\/index.php\/wp-json\/wp\/v2\/types\/post"}],"author":[{"embeddable":true,"href":"https:\/\/www.actualidadadiario.com\/index.php\/wp-json\/wp\/v2\/users\/3"}],"replies":[{"embeddable":true,"href":"https:\/\/www.actualidadadiario.com\/index.php\/wp-json\/wp\/v2\/comments?post=61272"}],"version-history":[{"count":1,"href":"https:\/\/www.actualidadadiario.com\/index.php\/wp-json\/wp\/v2\/posts\/61272\/revisions"}],"predecessor-version":[{"id":61274,"href":"https:\/\/www.actualidadadiario.com\/index.php\/wp-json\/wp\/v2\/posts\/61272\/revisions\/61274"}],"wp:featuredmedia":[{"embeddable":true,"href":"https:\/\/www.actualidadadiario.com\/index.php\/wp-json\/wp\/v2\/media\/61273"}],"wp:attachment":[{"href":"https:\/\/www.actualidadadiario.com\/index.php\/wp-json\/wp\/v2\/media?parent=61272"}],"wp:term":[{"taxonomy":"category","embeddable":true,"href":"https:\/\/www.actualidadadiario.com\/index.php\/wp-json\/wp\/v2\/categories?post=61272"},{"taxonomy":"post_tag","embeddable":true,"href":"https:\/\/www.actualidadadiario.com\/index.php\/wp-json\/wp\/v2\/tags?post=61272"}],"curies":[{"name":"wp","href":"https:\/\/api.w.org\/{rel}","templated":true}]}}