{"id":61269,"date":"2020-05-12T16:59:34","date_gmt":"2020-05-12T19:59:34","guid":{"rendered":"https:\/\/www.actualidadadiario.com\/?p=61269"},"modified":"2020-05-12T16:59:34","modified_gmt":"2020-05-12T19:59:34","slug":"el-senado-paso-las-pruebas-y-se-prepara-para-tener-su-primera-sesion-virtual-el-miercoles","status":"publish","type":"post","link":"https:\/\/www.actualidadadiario.com\/index.php\/2020\/05\/12\/el-senado-paso-las-pruebas-y-se-prepara-para-tener-su-primera-sesion-virtual-el-miercoles\/","title":{"rendered":"El Senado pas\u00f3 las pruebas y se prepara para tener su primera sesi\u00f3n virtual el mi\u00e9rcoles"},"content":{"rendered":"<p style=\"text-align: center;\"><em><strong>Solo estar\u00e1 presente en el recinto la vicepresidenta Cristina Kirchner, aunque las autoridades de la C\u00e1mara se quedar\u00e1n en el edificio para reemplazarla si es necesario. En contraste, Diputados a\u00fan no tiene fecha para sesionar<\/strong><\/em><\/p>\n<p>&nbsp;<\/p>\n<p>&nbsp;<\/p>\n<p>El Senado se encamina a realizar este mi\u00e9rcoles la primera sesi\u00f3n virtual, luego de dos pruebas exitosas, en medio del aislamiento social preventivo y obligatorio. Distinta es la situaci\u00f3n de la C\u00e1mara de Diputados, donde por el momento no se fij\u00f3 una fecha para la sesi\u00f3n remota y todav\u00eda falta terminar de hacer algunos ajustes t\u00e9cnicos y profundizar la capacitaci\u00f3n de los legisladores.<\/p>\n<p>A diferencia del primer ensayo del viernes pasado, en la prueba de sesi\u00f3n telem\u00e1tica que se llev\u00f3 adelante ayer, la titular de la C\u00e1mara Baja y vicepresidenta, Cristina Kirchner, asisti\u00f3 al recinto. En total, participaron 70 senadores y senadoras.<\/p>\n<p>Seg\u00fan se\u00f1alaron desde el Senado &#8220;se incorpor\u00f3 con \u00e9xito al proceso de votaci\u00f3n el sistema de validaci\u00f3n de identidad del RENAPER&#8221; y los legisladores &#8220;realizaron varias pruebas de votaci\u00f3n simulada y pudieron evacuar sus dudas sobre el funcionamiento t\u00e9cnico del sistema&#8221;.<\/p>\n<p>Seg\u00fan legisladores del oficialismo y de la oposici\u00f3n, algunos tuvieron problemas al principio del ensayo porque no pod\u00edan registrar su voto.<\/p>\n<p>Sin embargo, se realiz\u00f3 otro chequeo en el que cada senador vot\u00f3, por segunda vez, a viva voz y se corrobor\u00f3 que ambas votaciones estuvieron bien registradas.<\/p>\n<p>&#8220;Hubo una doble votaci\u00f3n, por lo que el sistema de seguridad se simplific\u00f3. Se trabaj\u00f3 bien. Aunque hubo algunas demoras en &#8216;loguearse&#8217; que no fueron tanto fallas del sistema, sino m\u00e1s bien humanas&#8221;, afirm\u00f3 el senador del Frente de Todos por Chubut Alfredo Luenzo.<\/p>\n<p>En tanto, el oficialista salte\u00f1o Sergio Leavy coment\u00f3 que &#8220;al principio les cost\u00f3 identificarse a algunos y votar&#8221; y agreg\u00f3 que &#8220;el protocolo indica que en cada votaci\u00f3n hagamos una nueva registraci\u00f3n&#8221;. &#8220;Eso lleva unos quince minutos por cada votaci\u00f3n&#8221;, agreg\u00f3 el legislador.<\/p>\n<p>Aunque todos los bloques est\u00e1n de acuerdo en todas las iniciativas, tienen seis horas para sesionar, de acuerdo con las caracter\u00edsticas t\u00e9cnicas que tendr\u00e1 la reuni\u00f3n virtual.<\/p>\n<p>En el ensayo de este lunes, la presidenta provisional del Senado, Claudia Ledesma Abdala de Zamora, fue la \u00fanica autoridad de la C\u00e1mara presente en el recinto.<\/p>\n<p>La mayor\u00eda de los senadores estuvo en sus provincias de origen. Los oficialistas neuquinos Oscar Parrilli y Silvia Sapag realizaron la prueba desde la Legislatura de su provincia, y los salte\u00f1os Leavy y Nora Gim\u00e9nez, tambi\u00e9n del Frente de Todos, y el peronista macrista Juan Carlos Romero, lo hicieron en la C\u00e1mara de Diputados de su provincia.<\/p>\n<p>En tanto, el catamarque\u00f1o Oscar Castillo, de Juntos por el Cambio, estuvo en su oficina de Catamarca, el chubutense Luenzo particip\u00f3 desde la Municipalidad de Lago Puelo, la opositora Silvia El\u00edas de P\u00e9rez se present\u00f3 en la Legislatura de Tucum\u00e1n; mientras que sus compa\u00f1eros de interbloque, el pampeano Juan Carlos Marino y la cordobesa Laura Rodr\u00edguez Machado; lo hicieron desde sus oficinas en sus respectivas provincias.<\/p>\n<p>Tras las dos pruebas exitosas, el mi\u00e9rcoles se realizar\u00e1 la primera sesi\u00f3n virtual, en la que el oficialismo y la oposici\u00f3n acordaron tratar s\u00f3lo proyectos vinculados a la pandemia del COVID-19. Lo primero ser\u00e1 llevar al recinto la veintena de decretos firmados por el presidente Alberto Fern\u00e1ndez con medidas para amortiguar los efectos del aislamiento obligatorio.<\/p>\n<p>En el hemiciclo, durante la sesi\u00f3n del mi\u00e9rcoles, s\u00f3lo podr\u00e1n estar Cristina Kirchner junto con el secretario parlamentario, el peronista Marcelo Fuentes, y el prosecretario parlamentario, el radical Juan Tunessi; el resto de los senadores participar\u00e1n por videoconferencia.<\/p>\n<p>Ledesma Abdala, el vicepresidente de la C\u00e1mara, el radical porte\u00f1o Mart\u00edn Lousteau; el vicepresidente primero, el misionero del Frente Renovador Maurice Closs, y la vicepresidenta segunda, Rodr\u00edguez Machado, estar\u00e1n el mi\u00e9rcoles en el edificio de la C\u00e1mara pero s\u00f3lo podr\u00e1n ingresar al hemiciclo en caso de que sea necesario reemplazar a la titular del cuerpo en la moderaci\u00f3n de la sesi\u00f3n.<\/p>\n<p>Con un n\u00famero mucho mayor de legisladores, la C\u00e1mara Baja deber\u00e1 esperar para su primera sesi\u00f3n remota. Si bien la segunda prueba piloto, que se realiz\u00f3 el fin de semana pasado, tuvo buenos resultados, a\u00fan falta hacer algunos ajustes. Seg\u00fan fuentes parlamentarias, &#8220;se est\u00e1n haciendo las capacitaciones en los distintos bloques de acceso y uso al sistema&#8221; y &#8220;se est\u00e1 mejorando el sistema para garantizar el funcionamiento y que haya transparencia en todo lo que es la validaci\u00f3n de identidad y datos de los diputados&#8221;.<\/p>\n","protected":false},"excerpt":{"rendered":"<p>Solo estar\u00e1 presente en el recinto la vicepresidenta Cristina Kirchner, aunque las autoridades de la C\u00e1mara se quedar\u00e1n en el edificio para reemplazarla si es necesario. En contraste, Diputados a\u00fan no tiene fecha para sesionar &nbsp; &nbsp; El Senado se encamina a realizar este mi\u00e9rcoles la primera sesi\u00f3n virtual, luego de dos pruebas exitosas, en medio del aislamiento social preventivo y obligatorio. Distinta es la situaci\u00f3n de la C\u00e1mara de Diputados, donde por el momento no se fij\u00f3 una fecha para la sesi\u00f3n remota y todav\u00eda falta terminar de hacer&#8230;<\/p>\n","protected":false},"author":3,"featured_media":61270,"comment_status":"closed","ping_status":"closed","sticky":false,"template":"","format":"standard","meta":[],"categories":[18],"tags":[],"_links":{"self":[{"href":"https:\/\/www.actualidadadiario.com\/index.php\/wp-json\/wp\/v2\/posts\/61269"}],"collection":[{"href":"https:\/\/www.actualidadadiario.com\/index.php\/wp-json\/wp\/v2\/posts"}],"about":[{"href":"https:\/\/www.actualidadadiario.com\/index.php\/wp-json\/wp\/v2\/types\/post"}],"author":[{"embeddable":true,"href":"https:\/\/www.actualidadadiario.com\/index.php\/wp-json\/wp\/v2\/users\/3"}],"replies":[{"embeddable":true,"href":"https:\/\/www.actualidadadiario.com\/index.php\/wp-json\/wp\/v2\/comments?post=61269"}],"version-history":[{"count":1,"href":"https:\/\/www.actualidadadiario.com\/index.php\/wp-json\/wp\/v2\/posts\/61269\/revisions"}],"predecessor-version":[{"id":61271,"href":"https:\/\/www.actualidadadiario.com\/index.php\/wp-json\/wp\/v2\/posts\/61269\/revisions\/61271"}],"wp:featuredmedia":[{"embeddable":true,"href":"https:\/\/www.actualidadadiario.com\/index.php\/wp-json\/wp\/v2\/media\/61270"}],"wp:attachment":[{"href":"https:\/\/www.actualidadadiario.com\/index.php\/wp-json\/wp\/v2\/media?parent=61269"}],"wp:term":[{"taxonomy":"category","embeddable":true,"href":"https:\/\/www.actualidadadiario.com\/index.php\/wp-json\/wp\/v2\/categories?post=61269"},{"taxonomy":"post_tag","embeddable":true,"href":"https:\/\/www.actualidadadiario.com\/index.php\/wp-json\/wp\/v2\/tags?post=61269"}],"curies":[{"name":"wp","href":"https:\/\/api.w.org\/{rel}","templated":true}]}}