{"id":61266,"date":"2020-05-12T16:58:32","date_gmt":"2020-05-12T19:58:32","guid":{"rendered":"https:\/\/www.actualidadadiario.com\/?p=61266"},"modified":"2020-05-12T16:58:32","modified_gmt":"2020-05-12T19:58:32","slug":"el-gobierno-lanzo-el-programa-recuperar-destinado-al-sector-cooperativo","status":"publish","type":"post","link":"https:\/\/www.actualidadadiario.com\/index.php\/2020\/05\/12\/el-gobierno-lanzo-el-programa-recuperar-destinado-al-sector-cooperativo\/","title":{"rendered":"El gobierno lanz\u00f3 el programa Recuperar, destinado al sector cooperativo"},"content":{"rendered":"<p style=\"text-align: center;\"><em><strong>Mediante una teleconferencia, el ministro de Desarrollo Social, Daniel Arroyo, encabez\u00f3 la presentaci\u00f3n del programa que propone apoyo al sector de empresas recuperadas y autogestionadas de todo el pa\u00eds, que sostienen m\u00e1s de 18 mil puestos de trabajo<\/strong><\/em><\/p>\n<p>&nbsp;<\/p>\n<p>&nbsp;<\/p>\n<p>&nbsp;<\/p>\n<p>Luego de recorrer las instalaciones de la Cooperativa Envases Flexibles Mataderos, el ministro de Desarrollo social, Daniel Arroyo, a trav\u00e9s de una teleconferencia present\u00f3 el plan Recuperar, un programa que propone el apoyo de su cartera al sector de empresas recuperadas y autogestionadas de todo el pa\u00eds.<\/p>\n<p>Hasta marzo de 2020, la Argentina registr\u00f3 m\u00e1s de 400 empresas de los m\u00e1s variados rubros que sostienen m\u00e1s de 18 mil puestos de trabajo.<\/p>\n<p>La l\u00ednea de cr\u00e9ditos tiene como objetivos la compra, renovaci\u00f3n y automatizaci\u00f3n de maquinaria, compra de insumos y asistencia financiera. Dentro de las propuestas de subsidios se destacan la capacitaci\u00f3n integral de cada trabajador y trabajadora, seg\u00fan las necesidades de cada unidad productiva, as\u00ed como la mejora en seguridad e higiene en el trabajo.<\/p>\n<p>En primer segmento de la exposici\u00f3n, Eduardo Mur\u00faa, director nacional de empresas recuperadas, cont\u00f3 brevemente los dos ejes centrales que estructuran el programa conformado por cr\u00e9ditos y subsidios de apoyo al sector.<\/p>\n<p>A su turno, el secretario de Econom\u00eda Social del ministerio, Emilio P\u00e9rsico, resalt\u00f3 la importancia de apoyar al movimiento de empresas recuperadas y a sus trabajadores. \u201cSon un orgullo de Argentina y modelo de organizaci\u00f3n y producci\u00f3n para otros pa\u00edses\u201d, se\u00f1al\u00f3.<\/p>\n<p>En el cierre del encuentro, el ministro Arroyo se\u00f1al\u00f3: \u201cLa salida es el trabajo, hay que reconstruir de abajo hacia arriba y con trabajo, y el Ministerio de Desarrollo tiene que generar las condiciones y dar asistencia para sostener el ingreso de los trabajadores, generar mecanismos de encadenamiento de la producci\u00f3n y potenciar el desarrollo local\u201d.<\/p>\n<p>La presentaci\u00f3n fue observada en vivo por integrantes de empresas recuperadas de todo el pa\u00eds.<\/p>\n","protected":false},"excerpt":{"rendered":"<p>Mediante una teleconferencia, el ministro de Desarrollo Social, Daniel Arroyo, encabez\u00f3 la presentaci\u00f3n del programa que propone apoyo al sector de empresas recuperadas y autogestionadas de todo el pa\u00eds, que sostienen m\u00e1s de 18 mil puestos de trabajo &nbsp; &nbsp; &nbsp; Luego de recorrer las instalaciones de la Cooperativa Envases Flexibles Mataderos, el ministro de Desarrollo social, Daniel Arroyo, a trav\u00e9s de una teleconferencia present\u00f3 el plan Recuperar, un programa que propone el apoyo de su cartera al sector de empresas recuperadas y autogestionadas de todo el pa\u00eds. Hasta marzo&#8230;<\/p>\n","protected":false},"author":3,"featured_media":61267,"comment_status":"closed","ping_status":"closed","sticky":false,"template":"","format":"standard","meta":[],"categories":[18],"tags":[],"_links":{"self":[{"href":"https:\/\/www.actualidadadiario.com\/index.php\/wp-json\/wp\/v2\/posts\/61266"}],"collection":[{"href":"https:\/\/www.actualidadadiario.com\/index.php\/wp-json\/wp\/v2\/posts"}],"about":[{"href":"https:\/\/www.actualidadadiario.com\/index.php\/wp-json\/wp\/v2\/types\/post"}],"author":[{"embeddable":true,"href":"https:\/\/www.actualidadadiario.com\/index.php\/wp-json\/wp\/v2\/users\/3"}],"replies":[{"embeddable":true,"href":"https:\/\/www.actualidadadiario.com\/index.php\/wp-json\/wp\/v2\/comments?post=61266"}],"version-history":[{"count":1,"href":"https:\/\/www.actualidadadiario.com\/index.php\/wp-json\/wp\/v2\/posts\/61266\/revisions"}],"predecessor-version":[{"id":61268,"href":"https:\/\/www.actualidadadiario.com\/index.php\/wp-json\/wp\/v2\/posts\/61266\/revisions\/61268"}],"wp:featuredmedia":[{"embeddable":true,"href":"https:\/\/www.actualidadadiario.com\/index.php\/wp-json\/wp\/v2\/media\/61267"}],"wp:attachment":[{"href":"https:\/\/www.actualidadadiario.com\/index.php\/wp-json\/wp\/v2\/media?parent=61266"}],"wp:term":[{"taxonomy":"category","embeddable":true,"href":"https:\/\/www.actualidadadiario.com\/index.php\/wp-json\/wp\/v2\/categories?post=61266"},{"taxonomy":"post_tag","embeddable":true,"href":"https:\/\/www.actualidadadiario.com\/index.php\/wp-json\/wp\/v2\/tags?post=61266"}],"curies":[{"name":"wp","href":"https:\/\/api.w.org\/{rel}","templated":true}]}}