{"id":61263,"date":"2020-05-12T16:51:25","date_gmt":"2020-05-12T19:51:25","guid":{"rendered":"https:\/\/www.actualidadadiario.com\/?p=61263"},"modified":"2020-05-12T16:51:25","modified_gmt":"2020-05-12T19:51:25","slug":"en-un-hecho-inedito-e-historico-la-afi-publico-sus-gastos-presupuestarios","status":"publish","type":"post","link":"https:\/\/www.actualidadadiario.com\/index.php\/2020\/05\/12\/en-un-hecho-inedito-e-historico-la-afi-publico-sus-gastos-presupuestarios\/","title":{"rendered":"En un hecho in\u00e9dito e hist\u00f3rico, la AFI public\u00f3 sus gastos presupuestarios"},"content":{"rendered":"<p style=\"text-align: center;\"><em><strong>La medida apunta a &#8220;tratar de transparentar lo m\u00e1s posible&#8221; el organismo, seg\u00fan confirma su interventora Cristina Caama\u00f1o. Hasta el momento, lleva invertido el 35,88% de su presupuesto total<\/strong><\/em><\/p>\n<p>&nbsp;<\/p>\n<p>&nbsp;<\/p>\n<p>&nbsp;<\/p>\n<p>La Agencia Federal de Inteligencia (AFI) public\u00f3 este lunes, en una in\u00e9dita e hist\u00f3rica medida, los recursos que ser\u00e1n destinados a esa central de inteligencia, una decisi\u00f3n que apunta a &#8220;transparentar&#8221; las atribuciones del organismo, seg\u00fan destac\u00f3 su interventora Cristina Caama\u00f1o, en sinton\u00eda con uno de los objetivos destacados por el presidente Alberto Fern\u00e1ndez, al asumir su cargo el 10 de diciembre pasado.<\/p>\n<p>Caama\u00f1o explic\u00f3 que por &#8220;primera vez en la historia&#8221; el organismo de inteligencia nacional publica su informaci\u00f3n presupuestaria, a trav\u00e9s del portal del Ministerio de Econom\u00eda (presupuestoabierto.gob.ar).<\/p>\n<p>De acuerdo con la Oficina de Presupuesto, los recursos anuales para la AFI son de 2697 millones de pesos, de los cuales 1500 millones estar\u00e1n destinados a salarios y el gasto total realizado hasta ahora es de 955 millones, con lo cual se ejecut\u00f3 un 35,88 por ciento de su presupuesto total.<\/p>\n<p>En el DNU 457, el gobierno nacional public\u00f3 la ampliaci\u00f3n del Presupuesto y uno de los anexos de esa norma contiene los gastos destinados a la AFI.<\/p>\n<p>&#8220;La idea es, tal como dijo el presidente Alberto Fern\u00e1ndez cuando intervino la Agencia Federal de Inteligencia -el 19 de diciembre-, justamente tratar transparentar lo m\u00e1s posible&#8221; el organismo, afirm\u00f3 Caama\u00f1o.<\/p>\n<p>Se\u00f1al\u00f3 que, &#8220;de esa manera, las partidas que han quedado confidenciales son las m\u00ednimas indispensables para el funcionamiento de la inteligencia&#8221; y, en cambio, el resto se hicieron p\u00fablicas &#8220;dentro del presupuesto nacional&#8221;.<\/p>\n<p>&#8220;Se trata de transparentar lo m\u00e1s posible la Agencia Federal de Inteligencia, no solo en los gastos, sino tambi\u00e9n las actividades que llevamos adelante&#8221;, asegur\u00f3 la funcionaria a esta agencia y asegur\u00f3 que ahora el organismo &#8220;no persigue m\u00e1s a opositores pol\u00edticos&#8221;, ni hace &#8220;operaciones para la justicia&#8221;.<\/p>\n<p>El presidente Alberto Fern\u00e1ndez hab\u00eda anticipado el 10 de diciembre en su discurso ante el Congreso su decisi\u00f3n de intervenir el organismo y encarar una reestructuraci\u00f3n de todo el sistema de inteligencia e informaci\u00f3n estrat\u00e9gica del Estado por entender que ese organismo no deb\u00eda funcionar como &#8220;uno de los s\u00f3tanos de la democracia&#8221;.<\/p>\n<p>Desde la restauraci\u00f3n democr\u00e1tica en 1983, la actividad de la ex Side, primero, y de la AFI, despu\u00e9s, estuvieron bajo la lupa y se sucedieron m\u00faltiples denuncias a lo largo de su historia sobre la tarea de los esp\u00edas, en algunas investigaciones judiciales como el atentado terrorista a la AMIA y de persecuci\u00f3n a dirigentes pol\u00edticos.<\/p>\n<p>El presidente de la Comisi\u00f3n Bicameral de Fiscalizaci\u00f3n de Organismos y Actividades de Inteligencia, Leopoldo Moreau (Frente de Todos), asegur\u00f3 este lunes a T\u00e9lam que la decisi\u00f3n de la AFI de publicar sus gastos &#8220;contribuye a la transparencia y a sacar de la oscuridad lo que se constituy\u00f3 en los \u00faltimos a\u00f1os en una especie de grupo de tareas&#8221;.<\/p>\n<p>Para el diputado del Frente de Todos, ese organismo &#8220;se convirti\u00f3 en los \u00faltimos a\u00f1os en una herramienta de persecuci\u00f3n pol\u00edtica y, en algunos casos, de extorsi\u00f3n econ\u00f3mica&#8221;.<\/p>\n<p>Moreau adelant\u00f3 que, desde la bicameral, ser\u00e1n fiscalizados adem\u00e1s &#8220;aquellos fondos que todav\u00eda se mantengan en reserva&#8221;, que son &#8220;m\u00ednimos&#8221; en relaci\u00f3n a los que se asignaban anteriormente, pero que, &#8220;por razones de seguridad no pueden ser auditados, incluso aquellos que han quedado dentro del paraguas de la confidencialidad&#8221;.<\/p>\n<p>En tanto, el ex titular de la AFI y senador del Frente de Todos Oscar Parrilli, destac\u00f3 a T\u00e9lam la decisi\u00f3n del presidente Alberto Fern\u00e1ndez y de la interventora Caama\u00f1o, por entender que contin\u00faan el sentido de las &#8220;reformas iniciadas con Cristina Fern\u00e1ndez de Kirchner en el 2014, con la ley que (el ex presidente Mauricio) Macri derog\u00f3 por decreto ni bien asumi\u00f3.&#8221;<\/p>\n<p>Parrilli, secretario de la bicameral se\u00f1al\u00f3: &#8220;Hoy estamos viviendo en un pa\u00eds sin espionaje pol\u00edtico, sin operaciones de los organismos de inteligencia y de la justicia para perseguir opositores y sin la extorsi\u00f3n de Macri y (del ex ministro Germ\u00e1n) Garavano hacia los jueces, como ocurr\u00eda apenas seis meses atr\u00e1s&#8221;.<\/p>\n<p>&#8220;La pandemia no nos tiene que hacer olvidar la violaci\u00f3n sistem\u00e1tica, planificada y organizada por el gobierno del macrismo a las instituciones m\u00e1s elementales de la Rep\u00fablica, como se\u00f1al\u00f3 el relator especial de ONU para la independencia del Poder Judicial, Diego Garc\u00eda Say\u00e1n&#8221;, apunt\u00f3 Parrilli, quien evalu\u00f3 que hoy la justicia debe investigar &#8220;con absoluta libertad la denuncia que presentaron varios senadores y diputados sobre el funcionamiento de la conocida mesa judicial del macrismo, con la cual se extorsionaba a jueces y funcionarios judiciales para perseguir a dirigentes pol\u00edticos opositores&#8221;.<\/p>\n","protected":false},"excerpt":{"rendered":"<p>La medida apunta a &#8220;tratar de transparentar lo m\u00e1s posible&#8221; el organismo, seg\u00fan confirma su interventora Cristina Caama\u00f1o. Hasta el momento, lleva invertido el 35,88% de su presupuesto total &nbsp; &nbsp; &nbsp; La Agencia Federal de Inteligencia (AFI) public\u00f3 este lunes, en una in\u00e9dita e hist\u00f3rica medida, los recursos que ser\u00e1n destinados a esa central de inteligencia, una decisi\u00f3n que apunta a &#8220;transparentar&#8221; las atribuciones del organismo, seg\u00fan destac\u00f3 su interventora Cristina Caama\u00f1o, en sinton\u00eda con uno de los objetivos destacados por el presidente Alberto Fern\u00e1ndez, al asumir su cargo&#8230;<\/p>\n","protected":false},"author":3,"featured_media":61264,"comment_status":"closed","ping_status":"closed","sticky":false,"template":"","format":"standard","meta":[],"categories":[9],"tags":[],"_links":{"self":[{"href":"https:\/\/www.actualidadadiario.com\/index.php\/wp-json\/wp\/v2\/posts\/61263"}],"collection":[{"href":"https:\/\/www.actualidadadiario.com\/index.php\/wp-json\/wp\/v2\/posts"}],"about":[{"href":"https:\/\/www.actualidadadiario.com\/index.php\/wp-json\/wp\/v2\/types\/post"}],"author":[{"embeddable":true,"href":"https:\/\/www.actualidadadiario.com\/index.php\/wp-json\/wp\/v2\/users\/3"}],"replies":[{"embeddable":true,"href":"https:\/\/www.actualidadadiario.com\/index.php\/wp-json\/wp\/v2\/comments?post=61263"}],"version-history":[{"count":1,"href":"https:\/\/www.actualidadadiario.com\/index.php\/wp-json\/wp\/v2\/posts\/61263\/revisions"}],"predecessor-version":[{"id":61265,"href":"https:\/\/www.actualidadadiario.com\/index.php\/wp-json\/wp\/v2\/posts\/61263\/revisions\/61265"}],"wp:featuredmedia":[{"embeddable":true,"href":"https:\/\/www.actualidadadiario.com\/index.php\/wp-json\/wp\/v2\/media\/61264"}],"wp:attachment":[{"href":"https:\/\/www.actualidadadiario.com\/index.php\/wp-json\/wp\/v2\/media?parent=61263"}],"wp:term":[{"taxonomy":"category","embeddable":true,"href":"https:\/\/www.actualidadadiario.com\/index.php\/wp-json\/wp\/v2\/categories?post=61263"},{"taxonomy":"post_tag","embeddable":true,"href":"https:\/\/www.actualidadadiario.com\/index.php\/wp-json\/wp\/v2\/tags?post=61263"}],"curies":[{"name":"wp","href":"https:\/\/api.w.org\/{rel}","templated":true}]}}