{"id":61260,"date":"2020-05-12T16:50:16","date_gmt":"2020-05-12T19:50:16","guid":{"rendered":"https:\/\/www.actualidadadiario.com\/?p=61260"},"modified":"2020-05-12T16:50:16","modified_gmt":"2020-05-12T19:50:16","slug":"alberto-fernandez-revelo-que-la-reforma-judicial-ya-esta-lista","status":"publish","type":"post","link":"https:\/\/www.actualidadadiario.com\/index.php\/2020\/05\/12\/alberto-fernandez-revelo-que-la-reforma-judicial-ya-esta-lista\/","title":{"rendered":"Alberto Fern\u00e1ndez revel\u00f3 que la reforma judicial ya est\u00e1 lista"},"content":{"rendered":"<p style=\"text-align: center;\"><em><strong>Lo enviar\u00e1 al Congreso en cuanto vuelva a sesionar junto con la legalizaci\u00f3n del aborto y el Consejo Econ\u00f3mico y Social. &#8220;Hay que terminar con esos espacios cerrados que le permit\u00edan a muy pocas personas manejar un poder enorme&#8221;, asegur\u00f3<\/strong><\/em><\/p>\n<p>&nbsp;<\/p>\n<p>En medio del fragor de las negociaciones por la deuda, el presidente Alberto Fern\u00e1ndez advirti\u00f3 a los fondos acreedores que &#8220;no nos van a doblegar, si tienen una contraoferta que digan cu\u00e1l es&#8221;. Con todo, insisti\u00f3 que &#8220;lo que queremos es buscar un acuerdo y que la Argentina no caiga en default&#8221;. Por otro lado, anticip\u00f3 que en cuanto el Congreso se ponga en funcionamiento enviar\u00e1 los proyectos de reforma judicial, de legalizaci\u00f3n del aborto y de la creaci\u00f3n del Consejo Econ\u00f3mico y Social. Tambi\u00e9n adelant\u00f3 que las tarifas se mantendr\u00e1n congeladas luego de junio. &#8220;No podemos en esta instancia aumentar nada&#8221;, defini\u00f3.<\/p>\n<p>En una larga entrevista ofrecida al programa Minuto Uno, en C5N, el Presidente toc\u00f3 varios temas. Esta es una s\u00edntesis de sus definiciones m\u00e1s importantes:<\/p>\n<p><strong>* Suecia:<\/strong> &#8220;No quise abrir ning\u00fan debate, tengo admiraci\u00f3n por Suecia, es una sociedad de avanzada. Pero no es que si no se hace la cuarentena la econom\u00eda es pr\u00f3spera. El Banco Central sueco anuncia que la mirada m\u00e1s pesimista que tiene es una ca\u00edda de m\u00e1s de nueve puntos del PBI&#8221;.<\/p>\n<p>&nbsp;<\/p>\n<p><strong>* Oposici\u00f3n:<\/strong> &#8220;Hay una clase pol\u00edtica y dirigente que habla con mucha ligereza. Que lo llama a uno Stalin porque le dice a la gente que se quede en su casa. No se puede hablar con tanta ligereza. Quiero que la gente entienda que cuando nos juntamos con Axel kicillof y con Horacio Rodr\u00edguez Larreta que lo que estamos intentando es preservar la salud de la gente. El resto es gente que no tiene esa responsabilidad&#8221;.<\/p>\n<p>&nbsp;<\/p>\n<p><strong>* Tarifas:<\/strong> &#8220;No podemos en esta instancia aumentar nada. Tenemos que ver c\u00f3mo funcionar, tenemos que hacer todos un esfuerzo. Y uno de los esfuerzos es tratar de parar la escalada inflacionaria que tiene mucho de especulaci\u00f3n. Los aumentos inexplicablemente siguen siendo altos en alimentos&#8221;.<\/p>\n<p>&nbsp;<\/p>\n<p><strong>* D\u00f3lar:<\/strong> &#8220;Las operaciones de contado con liqui se conocen o los que compran bonos y los venden en el exterior se conocen. Es una operaci\u00f3n que hacen muchos agentes de bolsa. Hay una l\u00f3gica especulativa muy alta&#8221;.<\/p>\n<p><strong>* Deuda:<\/strong> &#8220;Los fondos que han invertido en Argentina con total inconciencia, sabiendo que estaban invirtiendo en bonos que nadie iba a poder pagar, que muchas veces lo hicieron para sostener a un gobierno, no me van a torcer el brazo&#8221;. &#8220;Hicimos una oferta donde los acreedores no pierden, s\u00f3lo ganan menos. Este capitalismo financiero que es tan nocivo para el mundo, trata de doblegar la soberan\u00eda del pa\u00eds&#8221;.<\/p>\n<p>&nbsp;<\/p>\n<p><strong>* Justicia:<\/strong> &#8220;Tenemos listo el proyecto de ley de reforma judicial. Cuando vuelva a funcionar el Congreso lo voy a mandar junto con el Consejo Econ\u00f3mico y Social y legalizaci\u00f3n del aborto. La reforma intenta resolver el tema penal, fundamentalmente, el contencioso y administrativo y el tema civil y comercial federal. Trata de ordenar el sistema y de terminar con esos espacios cerrados que le permit\u00edan a muy pocas personas manejar un poder enorme&#8221;.<\/p>\n","protected":false},"excerpt":{"rendered":"<p>Lo enviar\u00e1 al Congreso en cuanto vuelva a sesionar junto con la legalizaci\u00f3n del aborto y el Consejo Econ\u00f3mico y Social. &#8220;Hay que terminar con esos espacios cerrados que le permit\u00edan a muy pocas personas manejar un poder enorme&#8221;, asegur\u00f3 &nbsp; En medio del fragor de las negociaciones por la deuda, el presidente Alberto Fern\u00e1ndez advirti\u00f3 a los fondos acreedores que &#8220;no nos van a doblegar, si tienen una contraoferta que digan cu\u00e1l es&#8221;. Con todo, insisti\u00f3 que &#8220;lo que queremos es buscar un acuerdo y que la Argentina no&#8230;<\/p>\n","protected":false},"author":3,"featured_media":61261,"comment_status":"closed","ping_status":"closed","sticky":false,"template":"","format":"standard","meta":[],"categories":[9],"tags":[],"_links":{"self":[{"href":"https:\/\/www.actualidadadiario.com\/index.php\/wp-json\/wp\/v2\/posts\/61260"}],"collection":[{"href":"https:\/\/www.actualidadadiario.com\/index.php\/wp-json\/wp\/v2\/posts"}],"about":[{"href":"https:\/\/www.actualidadadiario.com\/index.php\/wp-json\/wp\/v2\/types\/post"}],"author":[{"embeddable":true,"href":"https:\/\/www.actualidadadiario.com\/index.php\/wp-json\/wp\/v2\/users\/3"}],"replies":[{"embeddable":true,"href":"https:\/\/www.actualidadadiario.com\/index.php\/wp-json\/wp\/v2\/comments?post=61260"}],"version-history":[{"count":1,"href":"https:\/\/www.actualidadadiario.com\/index.php\/wp-json\/wp\/v2\/posts\/61260\/revisions"}],"predecessor-version":[{"id":61262,"href":"https:\/\/www.actualidadadiario.com\/index.php\/wp-json\/wp\/v2\/posts\/61260\/revisions\/61262"}],"wp:featuredmedia":[{"embeddable":true,"href":"https:\/\/www.actualidadadiario.com\/index.php\/wp-json\/wp\/v2\/media\/61261"}],"wp:attachment":[{"href":"https:\/\/www.actualidadadiario.com\/index.php\/wp-json\/wp\/v2\/media?parent=61260"}],"wp:term":[{"taxonomy":"category","embeddable":true,"href":"https:\/\/www.actualidadadiario.com\/index.php\/wp-json\/wp\/v2\/categories?post=61260"},{"taxonomy":"post_tag","embeddable":true,"href":"https:\/\/www.actualidadadiario.com\/index.php\/wp-json\/wp\/v2\/tags?post=61260"}],"curies":[{"name":"wp","href":"https:\/\/api.w.org\/{rel}","templated":true}]}}