{"id":61255,"date":"2020-05-12T16:47:36","date_gmt":"2020-05-12T19:47:36","guid":{"rendered":"https:\/\/www.actualidadadiario.com\/?p=61255"},"modified":"2020-05-12T16:47:36","modified_gmt":"2020-05-12T19:47:36","slug":"extienden-un-mes-mas-los-beneficios-del-atp-para-salarios-y-contribuciones-patronales","status":"publish","type":"post","link":"https:\/\/www.actualidadadiario.com\/index.php\/2020\/05\/12\/extienden-un-mes-mas-los-beneficios-del-atp-para-salarios-y-contribuciones-patronales\/","title":{"rendered":"Extienden un mes m\u00e1s los beneficios del ATP para salarios y contribuciones patronales"},"content":{"rendered":"<p style=\"text-align: center;\"><em><strong>El Gobierno ampli\u00f3 a este mes el alcance de los beneficios del Programa de Asistencia de Emergencia al Trabajo y la Producci\u00f3n (ATP), que incluye el pago del salario complementario, y las contribuciones patronales. Se har\u00e1n efectivos en junio<\/strong><\/em><\/p>\n<p>&nbsp;<\/p>\n<p>La Jefatura de Gabinete oficializ\u00f3 este martes en el Bolet\u00edn Oficial las recomendaciones del Comit\u00e9 de Evaluaci\u00f3n y Monitoreo del ATP, ante el &#8220;nivel de afectaci\u00f3n de la econom\u00eda&#8221; derivada de la extensi\u00f3n del aislamiento preventivo por coronavirus.<\/p>\n<p>Adem\u00e1s, se pondr\u00e1 en marcha la otorgaci\u00f3n del beneficio del Salario Complementario a las instituciones educativas que no reciben subsidios, mientras que se analizar\u00e1 el caso de las que reciben aportes del Estado. En tanto, se evaluar\u00e1 la situaci\u00f3n de prestadores de la salud que re\u00fanan las condiciones para acceder.<\/p>\n<p>En la misma medida, se anunci\u00f3 la postergaci\u00f3n y reducci\u00f3n del pago de las contribuciones patronales al Sistema Integrado Previsional Argentino (SIPA), respecto de los haberes y aportes que se devenguen durante mayo.<\/p>\n<p>Mientras tanto, el Ministerio de Transporte tambi\u00e9n elev\u00f3 la solicitud para que se incluya en el Salario Complementario a una n\u00f3mina de actividades del sector, entre los que est\u00e1n los taxis, los remises, el transporte escolar, los servicios de larga distancia, de fletes y el transporte de carga.<\/p>\n","protected":false},"excerpt":{"rendered":"<p>El Gobierno ampli\u00f3 a este mes el alcance de los beneficios del Programa de Asistencia de Emergencia al Trabajo y la Producci\u00f3n (ATP), que incluye el pago del salario complementario, y las contribuciones patronales. Se har\u00e1n efectivos en junio &nbsp; La Jefatura de Gabinete oficializ\u00f3 este martes en el Bolet\u00edn Oficial las recomendaciones del Comit\u00e9 de Evaluaci\u00f3n y Monitoreo del ATP, ante el &#8220;nivel de afectaci\u00f3n de la econom\u00eda&#8221; derivada de la extensi\u00f3n del aislamiento preventivo por coronavirus. Adem\u00e1s, se pondr\u00e1 en marcha la otorgaci\u00f3n del beneficio del Salario Complementario&#8230;<\/p>\n","protected":false},"author":3,"featured_media":35742,"comment_status":"closed","ping_status":"closed","sticky":false,"template":"","format":"standard","meta":[],"categories":[2],"tags":[],"_links":{"self":[{"href":"https:\/\/www.actualidadadiario.com\/index.php\/wp-json\/wp\/v2\/posts\/61255"}],"collection":[{"href":"https:\/\/www.actualidadadiario.com\/index.php\/wp-json\/wp\/v2\/posts"}],"about":[{"href":"https:\/\/www.actualidadadiario.com\/index.php\/wp-json\/wp\/v2\/types\/post"}],"author":[{"embeddable":true,"href":"https:\/\/www.actualidadadiario.com\/index.php\/wp-json\/wp\/v2\/users\/3"}],"replies":[{"embeddable":true,"href":"https:\/\/www.actualidadadiario.com\/index.php\/wp-json\/wp\/v2\/comments?post=61255"}],"version-history":[{"count":1,"href":"https:\/\/www.actualidadadiario.com\/index.php\/wp-json\/wp\/v2\/posts\/61255\/revisions"}],"predecessor-version":[{"id":61256,"href":"https:\/\/www.actualidadadiario.com\/index.php\/wp-json\/wp\/v2\/posts\/61255\/revisions\/61256"}],"wp:featuredmedia":[{"embeddable":true,"href":"https:\/\/www.actualidadadiario.com\/index.php\/wp-json\/wp\/v2\/media\/35742"}],"wp:attachment":[{"href":"https:\/\/www.actualidadadiario.com\/index.php\/wp-json\/wp\/v2\/media?parent=61255"}],"wp:term":[{"taxonomy":"category","embeddable":true,"href":"https:\/\/www.actualidadadiario.com\/index.php\/wp-json\/wp\/v2\/categories?post=61255"},{"taxonomy":"post_tag","embeddable":true,"href":"https:\/\/www.actualidadadiario.com\/index.php\/wp-json\/wp\/v2\/tags?post=61255"}],"curies":[{"name":"wp","href":"https:\/\/api.w.org\/{rel}","templated":true}]}}