{"id":61250,"date":"2020-05-12T16:45:25","date_gmt":"2020-05-12T19:45:25","guid":{"rendered":"https:\/\/www.actualidadadiario.com\/?p=61250"},"modified":"2020-05-12T16:45:25","modified_gmt":"2020-05-12T19:45:25","slug":"el-inti-y-pymes-aportaran-5-000-respiradores-al-sistema-desde-junio","status":"publish","type":"post","link":"https:\/\/www.actualidadadiario.com\/index.php\/2020\/05\/12\/el-inti-y-pymes-aportaran-5-000-respiradores-al-sistema-desde-junio\/","title":{"rendered":"El INTI y Pymes aportar\u00e1n 5.000 respiradores al sistema desde junio"},"content":{"rendered":"<p style=\"text-align: center;\"><em><strong>Con el objetivo de que hospitales y centros de atenci\u00f3n puedan contar con una mayor disponibilidad de respiradores, el Instituto Nacional de Tecnolog\u00eda Industrial (INTI) podr\u00e1 entregar desde junio alrededor de 5.000 ventiladores mensuales para casos de terapia intensiva, un aporte significativo para los vol\u00famenes actuales<\/strong><\/em><\/p>\n<p>&nbsp;<\/p>\n<p>As\u00ed lo confirm\u00f3 el presidente del INTI, Rub\u00e9n Geneyro, quien se\u00f1al\u00f3 que \u201cjunto a cinco peque\u00f1as y medianas empresas y organismos p\u00fablicos, tendremos un dispositivo s\u00f3lo con componentes nacionales, a raz\u00f3n de 250 equipos por d\u00eda\u201d.<\/p>\n<p>Geneyro junto al ministro de Desarrollo Productivo, Mat\u00edas Kulfas; y el secretario de Industria, Ariel \u00c9chale, avanzan desde el inicio del aislamiento social, preventivo y obligatorio en el desarrollo de un equipo respirador alternativo -en base a un proyecto propuesto originalmente por el Massachussets Institute of Technology (MIT).<\/p>\n<p>\u201cYa nos encontramos en la \u00faltima fase de ensayos y creemos que en dos semanas haremos la presentaci\u00f3n ante la Anmat (Administraci\u00f3n Nacional de Medicamentos y Alimentos), que lo deber\u00eda homologar. Ser\u00e1n respiradores para la emergencia\u201d, apunt\u00f3 Geneyro.<\/p>\n<p>Adem\u00e1s, \u201cvamos a producir mil bolsas de ventilaci\u00f3n por d\u00eda\u201d, que van conectadas a los aparatos mencionados. El proyecto se basa en la automatizaci\u00f3n de una bolsa de ventilaci\u00f3n manual -com\u00fanmente conocida como AMBU por su nombre en ingl\u00e9s, Airway Mask Bag Unit- un dispositivo que los hospitales utilizan como apoyo respiratorio en situaciones de emergencia.<\/p>\n","protected":false},"excerpt":{"rendered":"<p>Con el objetivo de que hospitales y centros de atenci\u00f3n puedan contar con una mayor disponibilidad de respiradores, el Instituto Nacional de Tecnolog\u00eda Industrial (INTI) podr\u00e1 entregar desde junio alrededor de 5.000 ventiladores mensuales para casos de terapia intensiva, un aporte significativo para los vol\u00famenes actuales &nbsp; As\u00ed lo confirm\u00f3 el presidente del INTI, Rub\u00e9n Geneyro, quien se\u00f1al\u00f3 que \u201cjunto a cinco peque\u00f1as y medianas empresas y organismos p\u00fablicos, tendremos un dispositivo s\u00f3lo con componentes nacionales, a raz\u00f3n de 250 equipos por d\u00eda\u201d. Geneyro junto al ministro de Desarrollo Productivo,&#8230;<\/p>\n","protected":false},"author":3,"featured_media":59833,"comment_status":"closed","ping_status":"closed","sticky":false,"template":"","format":"standard","meta":[],"categories":[2],"tags":[],"_links":{"self":[{"href":"https:\/\/www.actualidadadiario.com\/index.php\/wp-json\/wp\/v2\/posts\/61250"}],"collection":[{"href":"https:\/\/www.actualidadadiario.com\/index.php\/wp-json\/wp\/v2\/posts"}],"about":[{"href":"https:\/\/www.actualidadadiario.com\/index.php\/wp-json\/wp\/v2\/types\/post"}],"author":[{"embeddable":true,"href":"https:\/\/www.actualidadadiario.com\/index.php\/wp-json\/wp\/v2\/users\/3"}],"replies":[{"embeddable":true,"href":"https:\/\/www.actualidadadiario.com\/index.php\/wp-json\/wp\/v2\/comments?post=61250"}],"version-history":[{"count":1,"href":"https:\/\/www.actualidadadiario.com\/index.php\/wp-json\/wp\/v2\/posts\/61250\/revisions"}],"predecessor-version":[{"id":61251,"href":"https:\/\/www.actualidadadiario.com\/index.php\/wp-json\/wp\/v2\/posts\/61250\/revisions\/61251"}],"wp:featuredmedia":[{"embeddable":true,"href":"https:\/\/www.actualidadadiario.com\/index.php\/wp-json\/wp\/v2\/media\/59833"}],"wp:attachment":[{"href":"https:\/\/www.actualidadadiario.com\/index.php\/wp-json\/wp\/v2\/media?parent=61250"}],"wp:term":[{"taxonomy":"category","embeddable":true,"href":"https:\/\/www.actualidadadiario.com\/index.php\/wp-json\/wp\/v2\/categories?post=61250"},{"taxonomy":"post_tag","embeddable":true,"href":"https:\/\/www.actualidadadiario.com\/index.php\/wp-json\/wp\/v2\/tags?post=61250"}],"curies":[{"name":"wp","href":"https:\/\/api.w.org\/{rel}","templated":true}]}}