{"id":61241,"date":"2020-05-12T16:42:25","date_gmt":"2020-05-12T19:42:25","guid":{"rendered":"https:\/\/www.actualidadadiario.com\/?p=61241"},"modified":"2020-05-12T16:42:25","modified_gmt":"2020-05-12T19:42:25","slug":"el-28-de-los-afectados-por-coronavirus-no-tiene-obra-social-ni-prepaga","status":"publish","type":"post","link":"https:\/\/www.actualidadadiario.com\/index.php\/2020\/05\/12\/el-28-de-los-afectados-por-coronavirus-no-tiene-obra-social-ni-prepaga\/","title":{"rendered":"El 28% de los afectados por coronavirus, no tiene obra social ni prepaga"},"content":{"rendered":"<p style=\"text-align: center;\"><em><strong>En un nuevo per\u00edodo de cuarentena obligatoria por la pandemia de coronavirus, en todo el pa\u00eds ya se confirmaron 6.278 casos y 317 muertes. As\u00ed, la tasa de letalidad de Covid-19 es del 5% sobre el total de afectados, y hay 6,9 fallecidos por cada mill\u00f3n de habitantes en la Argentina<\/strong><\/em><\/p>\n<p>&nbsp;<\/p>\n<p>El 28% de los pacientes reciben cobertura m\u00e9dica exclusivamente por parte del Estado, mientras que el 72% tiene cobertura de obras sociales y prepagas. En este panorama, contin\u00faa la tarea del dispositivo Detectar en barrios populares, para identificar de forma temprana casos de coronavirus.<\/p>\n<p>Respecto a las franjas etarias a las que afecta el virus, el 9% de los afectados son ni\u00f1os, ni\u00f1as y adolescentes menores de 19 a\u00f1os, el 70% entre los 20 y los 60 a\u00f1os, y el 21% son mayores de 60 a\u00f1os.<\/p>\n<p>Las personas que est\u00e1n en terapia intensiva son 170, mientras que 1.862 ya fueron dadas de alta. De ellas, 1.445 obtuvieron el alta definitiva.<\/p>\n<p>Mientras tanto, el dispositivo Detectar, que se dedica a identificar posibles casos de coronavirus en barrios populares por ser contactos estrechos de personas afectadas para su testeo y tratamiento temprano, ayer se llev\u00f3 adelante en el barrio Ricciardelli (1-11-14), en la Ciudad de Buenos Aires, y contin\u00faa en el conurbano bonaerense.<\/p>\n<p>Adem\u00e1s, el Ministerio de Salud nacional ya entabl\u00f3 di\u00e1logo con la provincia de Chaco para comenzar a implementarlo all\u00ed, en un plan que prev\u00e9 llevarlo a cada una de las 24 jurisdicciones del pa\u00eds.<\/p>\n<p>&#8220;En estos barrios se est\u00e1n haciendo b\u00fasquedas activas casa por casa de los contactos estrechos de los casos confirmados con s\u00edntomas. Ese es el motivo por el cual el porcentaje de positividad es m\u00e1s alto, es una b\u00fasqueda dirigida a las \u00e1reas donde est\u00e1 georreferenciada la positividad y se detectan las personas que tienen s\u00edntomas para su identificaci\u00f3n precoz, prestarle cuidado y realizar el aislamiento&#8221;, explic\u00f3 la secretaria de Acceso a la Salud, Carla Vizzotti.<\/p>\n<p>Durante el reporte diario del Ministerio de Salud, la funcionaria indic\u00f3 que si bien antes la recomendaci\u00f3n para los distritos donde no hab\u00eda casos era &#8220;quedate en el barrio&#8221;, la situaci\u00f3n cambi\u00f3. &#8220;Ahora, en algunos barrios est\u00e1 el virus y hay que adaptar las recomendaciones a la situaci\u00f3n de cada barrio&#8221;, enfatiz\u00f3.<\/p>\n<p>Por otro lado, reiter\u00f3 que al seguir en aislamiento preventivo y obligatorio &#8220;las salidas son solamente para las actividades autorizadas&#8221; y &#8220;es muy importante volver a casa&#8221;. &#8220;Las salidas para alguna tarea puntual deben ser lo m\u00e1s breves posible, tomar todas las medidas de prevenci\u00f3n y volver a casa&#8221;, remarc\u00f3.<\/p>\n<p>&#8220;Tanto antes de salir y al regresar a casa, siempre cumplir con las medidas recomendadas para minimizar el riesgo de traer el virus a casa&#8221;, record\u00f3.<\/p>\n<p>Tambi\u00e9n indic\u00f3 que es importante antes de salir &#8220;definir si tenemos alguna condici\u00f3n de riesgo&#8221; y en ese caso &#8220;tratar de minimizar esa salida o pedir una colaboraci\u00f3n a la familia o al Estado&#8221; para que hagan el tr\u00e1mite, y tambi\u00e9n aquellas personas que viven con alguien que tiene factores de riesgo &#8220;al volver a casa tomar las medidas de prevenci\u00f3n&#8221;, al igual que en la convivencia diaria.<\/p>\n","protected":false},"excerpt":{"rendered":"<p>En un nuevo per\u00edodo de cuarentena obligatoria por la pandemia de coronavirus, en todo el pa\u00eds ya se confirmaron 6.278 casos y 317 muertes. As\u00ed, la tasa de letalidad de Covid-19 es del 5% sobre el total de afectados, y hay 6,9 fallecidos por cada mill\u00f3n de habitantes en la Argentina &nbsp; El 28% de los pacientes reciben cobertura m\u00e9dica exclusivamente por parte del Estado, mientras que el 72% tiene cobertura de obras sociales y prepagas. En este panorama, contin\u00faa la tarea del dispositivo Detectar en barrios populares, para identificar&#8230;<\/p>\n","protected":false},"author":3,"featured_media":61242,"comment_status":"closed","ping_status":"closed","sticky":false,"template":"","format":"standard","meta":[],"categories":[9],"tags":[],"_links":{"self":[{"href":"https:\/\/www.actualidadadiario.com\/index.php\/wp-json\/wp\/v2\/posts\/61241"}],"collection":[{"href":"https:\/\/www.actualidadadiario.com\/index.php\/wp-json\/wp\/v2\/posts"}],"about":[{"href":"https:\/\/www.actualidadadiario.com\/index.php\/wp-json\/wp\/v2\/types\/post"}],"author":[{"embeddable":true,"href":"https:\/\/www.actualidadadiario.com\/index.php\/wp-json\/wp\/v2\/users\/3"}],"replies":[{"embeddable":true,"href":"https:\/\/www.actualidadadiario.com\/index.php\/wp-json\/wp\/v2\/comments?post=61241"}],"version-history":[{"count":1,"href":"https:\/\/www.actualidadadiario.com\/index.php\/wp-json\/wp\/v2\/posts\/61241\/revisions"}],"predecessor-version":[{"id":61243,"href":"https:\/\/www.actualidadadiario.com\/index.php\/wp-json\/wp\/v2\/posts\/61241\/revisions\/61243"}],"wp:featuredmedia":[{"embeddable":true,"href":"https:\/\/www.actualidadadiario.com\/index.php\/wp-json\/wp\/v2\/media\/61242"}],"wp:attachment":[{"href":"https:\/\/www.actualidadadiario.com\/index.php\/wp-json\/wp\/v2\/media?parent=61241"}],"wp:term":[{"taxonomy":"category","embeddable":true,"href":"https:\/\/www.actualidadadiario.com\/index.php\/wp-json\/wp\/v2\/categories?post=61241"},{"taxonomy":"post_tag","embeddable":true,"href":"https:\/\/www.actualidadadiario.com\/index.php\/wp-json\/wp\/v2\/tags?post=61241"}],"curies":[{"name":"wp","href":"https:\/\/api.w.org\/{rel}","templated":true}]}}