{"id":61238,"date":"2020-05-12T16:40:35","date_gmt":"2020-05-12T19:40:35","guid":{"rendered":"https:\/\/www.actualidadadiario.com\/?p=61238"},"modified":"2020-05-12T16:40:35","modified_gmt":"2020-05-12T19:40:35","slug":"hay-que-defender-los-recursos-de-la-region-bordet-visito-salto-grande-e-insistio-con-la-provincializacion","status":"publish","type":"post","link":"https:\/\/www.actualidadadiario.com\/index.php\/2020\/05\/12\/hay-que-defender-los-recursos-de-la-region-bordet-visito-salto-grande-e-insistio-con-la-provincializacion\/","title":{"rendered":"\u201cHay que defender los recursos de la regi\u00f3n\u201d: Bordet visit\u00f3 Salto Grande e insisti\u00f3 con la provincializaci\u00f3n"},"content":{"rendered":"<p style=\"text-align: center;\"><em><strong>El gobernador, Gustavo Bordet, particip\u00f3 de una rueda de prensa al pie de la represa, antes de una reuni\u00f3n de las delegaciones argentina y uruguaya, en la que se iba a tratar, entre otros temas, la navegabilidad del r\u00edo Uruguay<\/strong><\/em><\/p>\n<p>&nbsp;<\/p>\n<p>Ante los cronistas, Bordet aprovech\u00f3 para volver a hablar de la provincializaci\u00f3n de Salto Grande. \u201cEl agua del r\u00edo que pasa por nuestra provincia nos pertenece y est\u00e1 establecido en la Constituci\u00f3n de 1994\u201d, detall\u00f3. \u201cSi bien tenemos el 67% de las utilidades que genera Salto Grande, la provincializaci\u00f3n en el futuro tiene que darse, tal como otras empresas en la Argentina que fueron provincializadas. Tiene que ser una pol\u00edtica de Estado y tiene que trascender gestiones de gobierno\u201d, asegur\u00f3.<\/p>\n<p>Para el gobernador, \u201chay que defender los intereses de la regi\u00f3n y para eso estamos hoy ac\u00e1\u201d.<\/p>\n<p>&nbsp;<\/p>\n<p><strong>Objetivos<\/strong><\/p>\n<p>Por su parte, el presidente de la Delegaci\u00f3n Argentina ante la CTM, el ingeniero Luis Alberto Benedetto, tambi\u00e9n se refiri\u00f3 al tema y destac\u00f3 que es \u201cuno de los objetivos a trabajar junto a los legisladores nacionales y provinciales\u201d.<\/p>\n<p>\u201cIncluso tambi\u00e9n tocar el tema de los ribere\u00f1os, ya que es una situaci\u00f3n complicada cuando el r\u00edo crece y tenemos que invadir sus tierras\u201d, detall\u00f3 el funcionario y agreg\u00f3: \u201cA eso le tenemos que encontrar una soluci\u00f3n definitiva\u201d.<\/p>\n","protected":false},"excerpt":{"rendered":"<p>El gobernador, Gustavo Bordet, particip\u00f3 de una rueda de prensa al pie de la represa, antes de una reuni\u00f3n de las delegaciones argentina y uruguaya, en la que se iba a tratar, entre otros temas, la navegabilidad del r\u00edo Uruguay &nbsp; Ante los cronistas, Bordet aprovech\u00f3 para volver a hablar de la provincializaci\u00f3n de Salto Grande. \u201cEl agua del r\u00edo que pasa por nuestra provincia nos pertenece y est\u00e1 establecido en la Constituci\u00f3n de 1994\u201d, detall\u00f3. \u201cSi bien tenemos el 67% de las utilidades que genera Salto Grande, la provincializaci\u00f3n&#8230;<\/p>\n","protected":false},"author":3,"featured_media":61239,"comment_status":"closed","ping_status":"closed","sticky":false,"template":"","format":"standard","meta":[],"categories":[15],"tags":[],"_links":{"self":[{"href":"https:\/\/www.actualidadadiario.com\/index.php\/wp-json\/wp\/v2\/posts\/61238"}],"collection":[{"href":"https:\/\/www.actualidadadiario.com\/index.php\/wp-json\/wp\/v2\/posts"}],"about":[{"href":"https:\/\/www.actualidadadiario.com\/index.php\/wp-json\/wp\/v2\/types\/post"}],"author":[{"embeddable":true,"href":"https:\/\/www.actualidadadiario.com\/index.php\/wp-json\/wp\/v2\/users\/3"}],"replies":[{"embeddable":true,"href":"https:\/\/www.actualidadadiario.com\/index.php\/wp-json\/wp\/v2\/comments?post=61238"}],"version-history":[{"count":1,"href":"https:\/\/www.actualidadadiario.com\/index.php\/wp-json\/wp\/v2\/posts\/61238\/revisions"}],"predecessor-version":[{"id":61240,"href":"https:\/\/www.actualidadadiario.com\/index.php\/wp-json\/wp\/v2\/posts\/61238\/revisions\/61240"}],"wp:featuredmedia":[{"embeddable":true,"href":"https:\/\/www.actualidadadiario.com\/index.php\/wp-json\/wp\/v2\/media\/61239"}],"wp:attachment":[{"href":"https:\/\/www.actualidadadiario.com\/index.php\/wp-json\/wp\/v2\/media?parent=61238"}],"wp:term":[{"taxonomy":"category","embeddable":true,"href":"https:\/\/www.actualidadadiario.com\/index.php\/wp-json\/wp\/v2\/categories?post=61238"},{"taxonomy":"post_tag","embeddable":true,"href":"https:\/\/www.actualidadadiario.com\/index.php\/wp-json\/wp\/v2\/tags?post=61238"}],"curies":[{"name":"wp","href":"https:\/\/api.w.org\/{rel}","templated":true}]}}