{"id":61235,"date":"2020-05-12T16:39:26","date_gmt":"2020-05-12T19:39:26","guid":{"rendered":"https:\/\/www.actualidadadiario.com\/?p=61235"},"modified":"2020-05-12T16:39:26","modified_gmt":"2020-05-12T19:39:26","slug":"el-rio-uruguay-se-mantiene-en-bajisimos-niveles-pese-a-repentinos-repuntes","status":"publish","type":"post","link":"https:\/\/www.actualidadadiario.com\/index.php\/2020\/05\/12\/el-rio-uruguay-se-mantiene-en-bajisimos-niveles-pese-a-repentinos-repuntes\/","title":{"rendered":"El r\u00edo Uruguay se mantiene en baj\u00edsimos niveles, pese a repentinos repuntes"},"content":{"rendered":"<p style=\"text-align: center;\"><em><strong>El pasado s\u00e1bado en el Puerto de Concepci\u00f3n del Uruguay se registr\u00f3 una marca de 0,10 metros, dejando al descubierto inmensos arenales, que m\u00e1s all\u00e1 de una in\u00e9dita belleza, generan preocupaci\u00f3n<\/strong><\/em><\/p>\n<p>&nbsp;<\/p>\n<p>El r\u00edo Uruguay sigue experimentando ins\u00f3litas medidas en su nivel, con bajas pronunciadas y repentinos repuntes.<\/p>\n<p>Era impensado ver lo sucedido el pasado s\u00e1bado en el Puerto de Concepci\u00f3n del Uruguay, cuando se registr\u00f3 una marca de 0,10 metros, dejando al descubierto inmensos arenales, que m\u00e1s all\u00e1 de una in\u00e9dita belleza, genera preocupaci\u00f3n, describe el sitio 03442.<\/p>\n<p>Este lunes en horas de la noche, el nivel hab\u00eda repuntado a 0,75 metros y alrededor de las 21 estaba creciendo, producto de la soltura de agua en la represa.<\/p>\n<p>Seg\u00fan se\u00f1alaron fuentes de la Prefectura Naval, la bajante sigue en el norte, por lo que se estima que en las pr\u00f3ximas horas los niveles vuelvan a disminuir considerablemente.<\/p>\n<p>En Concordia la altura era de 0,58 metros, record\u00e1ndose que es normal que en La Hist\u00f3rica la marca sea la mitad de esa medida. Respecto al norte, el Uruguay sigue con numerosos puntos en baja y la falta de lluvias en el Brasil, sigue siendo preocupaci\u00f3n.<\/p>\n","protected":false},"excerpt":{"rendered":"<p>El pasado s\u00e1bado en el Puerto de Concepci\u00f3n del Uruguay se registr\u00f3 una marca de 0,10 metros, dejando al descubierto inmensos arenales, que m\u00e1s all\u00e1 de una in\u00e9dita belleza, generan preocupaci\u00f3n &nbsp; El r\u00edo Uruguay sigue experimentando ins\u00f3litas medidas en su nivel, con bajas pronunciadas y repentinos repuntes. Era impensado ver lo sucedido el pasado s\u00e1bado en el Puerto de Concepci\u00f3n del Uruguay, cuando se registr\u00f3 una marca de 0,10 metros, dejando al descubierto inmensos arenales, que m\u00e1s all\u00e1 de una in\u00e9dita belleza, genera preocupaci\u00f3n, describe el sitio 03442. Este&#8230;<\/p>\n","protected":false},"author":3,"featured_media":61236,"comment_status":"closed","ping_status":"closed","sticky":false,"template":"","format":"standard","meta":[],"categories":[15],"tags":[],"_links":{"self":[{"href":"https:\/\/www.actualidadadiario.com\/index.php\/wp-json\/wp\/v2\/posts\/61235"}],"collection":[{"href":"https:\/\/www.actualidadadiario.com\/index.php\/wp-json\/wp\/v2\/posts"}],"about":[{"href":"https:\/\/www.actualidadadiario.com\/index.php\/wp-json\/wp\/v2\/types\/post"}],"author":[{"embeddable":true,"href":"https:\/\/www.actualidadadiario.com\/index.php\/wp-json\/wp\/v2\/users\/3"}],"replies":[{"embeddable":true,"href":"https:\/\/www.actualidadadiario.com\/index.php\/wp-json\/wp\/v2\/comments?post=61235"}],"version-history":[{"count":1,"href":"https:\/\/www.actualidadadiario.com\/index.php\/wp-json\/wp\/v2\/posts\/61235\/revisions"}],"predecessor-version":[{"id":61237,"href":"https:\/\/www.actualidadadiario.com\/index.php\/wp-json\/wp\/v2\/posts\/61235\/revisions\/61237"}],"wp:featuredmedia":[{"embeddable":true,"href":"https:\/\/www.actualidadadiario.com\/index.php\/wp-json\/wp\/v2\/media\/61236"}],"wp:attachment":[{"href":"https:\/\/www.actualidadadiario.com\/index.php\/wp-json\/wp\/v2\/media?parent=61235"}],"wp:term":[{"taxonomy":"category","embeddable":true,"href":"https:\/\/www.actualidadadiario.com\/index.php\/wp-json\/wp\/v2\/categories?post=61235"},{"taxonomy":"post_tag","embeddable":true,"href":"https:\/\/www.actualidadadiario.com\/index.php\/wp-json\/wp\/v2\/tags?post=61235"}],"curies":[{"name":"wp","href":"https:\/\/api.w.org\/{rel}","templated":true}]}}