{"id":61232,"date":"2020-05-12T16:38:27","date_gmt":"2020-05-12T19:38:27","guid":{"rendered":"https:\/\/www.actualidadadiario.com\/?p=61232"},"modified":"2020-05-12T16:38:28","modified_gmt":"2020-05-12T19:38:28","slug":"el-senado-dio-despacho-al-proyecto-de-un-regimen-tarifario-especial-para-personas-electrodependientes","status":"publish","type":"post","link":"https:\/\/www.actualidadadiario.com\/index.php\/2020\/05\/12\/el-senado-dio-despacho-al-proyecto-de-un-regimen-tarifario-especial-para-personas-electrodependientes\/","title":{"rendered":"El Senado dio despacho al proyecto de un r\u00e9gimen tarifario especial para personas electrodependientes"},"content":{"rendered":"<p style=\"text-align: center;\"><em><strong>Con fuertes cr\u00edticas a \u201clos errores de t\u00e9cnica legislativa\u201d que tuvo la iniciativa aprobada en Diputados, las Comisiones de Salud y de Legislaci\u00f3n General de la C\u00e1mara de Senadores dio despacho favorable al proyecto sobre electrodependientes. La senadora Nancy Mirando inst\u00f3 a \u201cmejorar la coordinaci\u00f3n\u201d entre las dos c\u00e1maras legislativas<\/strong><\/em><\/p>\n<p>&nbsp;<\/p>\n<p>&nbsp;<\/p>\n<p>Este martes, por videoconferencia, se realiz\u00f3 una reuni\u00f3n conjunta de las comisiones de Salud, Medio Ambiente Humano y Drogadicci\u00f3n, y de Legislaci\u00f3n General de la C\u00e1mara de Senadores.\u00a0 Estuvieron presentes las presidentas de estas instancias legislativas, Nancy Miranda (FJ Creer ER \u2013 Federal) y Claudia Gieco (FJ Creer ER \u2013 Diamante)<\/p>\n<p>En tanto, en el recinto del Senado estaba presente el senador de San Salvador, Marcelo Berthet (FJ \u2013 Creer ER). En forma remota participaron los representantes de Tala, Nogoy\u00e1, Gualeguaych\u00fa, Uruguay, Federaci\u00f3n y Victoria, Omar Migueles, Flavia Maidana, Jorge Maradey, Horacio Amavet, Rub\u00e9n Dal Molin y Oscar Bagnat, respectivamente. Estuvo presente la secretaria de Labor Parlamentaria, Sof\u00eda Uranga.<\/p>\n<p>Asistieron a los legisladores desde el Recinto los secretarios adjuntos de comisiones Legislativas, Silvana Sartori, N\u00e9stor Ferrutti y Francisco Umedez, como as\u00ed tambi\u00e9n personal del \u00e1rea de Inform\u00e1tica de la C\u00e1mara de Senadores.<\/p>\n<p>Aplicando el protocolo establecido para este tipo de reuniones, en un primer paso se tom\u00f3 asistencia a trav\u00e9s del \u00e1rea de comisiones, determin\u00e1ndose que hab\u00eda qu\u00f3rum suficiente en ambas comisiones.<\/p>\n<p>Se trata de aplicar mecanismos que se introdujeron al reglamento, todo destinado a dar garant\u00edas a un nuevo sistema, motivado en la necesidad de respetar las disposiciones emanadas del \u00e1rea sanitaria a las que el Senado adhiri\u00f3.<\/p>\n<p>&nbsp;<\/p>\n<p><strong>Electrodependientes<\/strong><\/p>\n<p>La Senadora Miranda abri\u00f3 la reuni\u00f3n e indic\u00f3 que \u201chay muchos errores de t\u00e9cnica legislativa que se pueden observar en el proyecto venido en revisi\u00f3n desde Diputados\u201d. No obstante, dej\u00f3 en claro su decisi\u00f3n de avanzar en orden a la importancia que tiene para un n\u00facleo importante de personas la aplicaci\u00f3n de este r\u00e9gimen tarifario.<\/p>\n<p>La C\u00e1mara de Diputados le hab\u00eda dado media sanci\u00f3n el 23 de abril pr\u00f3ximo pasado.<\/p>\n<p>La legisladora hizo un an\u00e1lisis art\u00edculo por art\u00edculo y mostr\u00f3 cuestiones de terminolog\u00eda que podr\u00edan haber sido subsanadas.<\/p>\n<p>Luego la senadora Gieco coincidi\u00f3 con la mirada de su par de Federal en cuanto a la redacci\u00f3n, indicando que hay \u201cun n\u00facleo poblacional que debe ser protegido, es un buen objetivo el del proyecto, en el que todos coincidimos\u201d. Record\u00f3 que es una necesidad que viene reflejada en normativa nacional y en varias provincias.<\/p>\n<p>Sobre este punto se record\u00f3 que hubo en composiciones anteriores del Cuerpo, proyectos que propon\u00edan la adhesi\u00f3n a la ley nacional 17351.<\/p>\n<p>Gieco destac\u00f3 la importancia de contar con el registro provincial actualizado y mencion\u00f3 que \u201cel tema de los electrodependientes es parte de una demanda social importante\u201d, mostrando a modo de ejemplo que durante el trabajo que se est\u00e1 realizando en el Senado Juvenil, estudiantes que participan este a\u00f1o, han promovido este tema como parte de una agenda a la que debe responder la Legislatura.<\/p>\n<p>\u201cHay una necesidad, un n\u00facleo concreto que est\u00e1 esperando esta herramienta\u201d, argument\u00f3, sin dejar de coincidir con sus pares en que se podr\u00eda haber mejorado la redacci\u00f3n original.<\/p>\n<p>Pero m\u00e1s all\u00e1 de esto, lanz\u00f3 su decisi\u00f3n de avanzar en la sanci\u00f3n definitiva.<\/p>\n<p>Desde Gualeguaych\u00fa, Maradey hizo algunas menciones a la legislaci\u00f3n nacional vigente, que trata de proteger a las personas electrodependientes y por ello mantener en funcionamiento los equipos que son soporte de vida para mejorar la calidad del hacer diario de muchas personas.<\/p>\n<p>Se trata de prever, como lo hace el proyecto, de la existencia de un soporte adicional (generador o bater\u00edas) para responder a situaciones de emergencia.<\/p>\n<p>Por su parte la doctora Flavia Maidana explic\u00f3 que los respiradores cuentan con una bater\u00eda por un tiempo determinado, pero que deben preverse otras situaciones. En cuanto a la aplicaci\u00f3n del proyecto observ\u00f3 que muchas veces el servicio est\u00e1 a nombre de un conviviente con el electrodependiente, lo que deber\u00e1 tenerse en cuenta para acelerar la llegada de los beneficios.<\/p>\n<p>Consider\u00f3 importante la existencia del registro. \u201cEn medio de esta pandemia, si hacemos modificaciones y esto regresa a Diputados, no ser\u00eda lo que todos deseamos, por eso quiz\u00e1 es importante tratar de considerar la posibilidad de avanzar\u201d.<\/p>\n<p>Maradey y Maidana enfatizaron que se trata de proteger a las personas que tienen una internaci\u00f3n domiciliaria.<\/p>\n<p>&nbsp;<\/p>\n<p><strong>Mayor coordinaci\u00f3n entre las C\u00e1maras<\/strong><\/p>\n<p>Miranda retom\u00f3 y consider\u00f3 importante mejorar las comunicaciones con la C\u00e1mara Baja para en el marco de la pandemia, ir compartiendo los proyectos desde el mismo inicio de su estudio a los efectos de evitar encontrarnos con este tipo de redacci\u00f3n, que puede ser profundamente mejorada. \u201cTrabajar\u00edamos de otra forma, no deber\u00edamos hacer cambios que promuevan un ir y venir en revisiones\u201d, acot\u00f3.<\/p>\n<p>Todos los legisladores indicaron que \u201chay una coincidencia absoluta con todos los objetivos que plantea el proyecto, m\u00e1s all\u00e1 de la forma\u201d.<\/p>\n<p>Miranda no dej\u00f3 de mencionar \u201cla cuesti\u00f3n de los fondos, de donde van a surgir para cubrir los gastos\u201d, uno m\u00e1s de los elementos que deber\u00edan haber sido tenidos en cuenta, con la inclusi\u00f3n de las partidas.<\/p>\n<p>Surgi\u00f3 la necesidad de se\u00f1alar que por la v\u00eda de la reglamentaci\u00f3n se deber\u00e1 realizar un correcto direccionamiento que tenga en cuenta las posturas legislativas expresadas en esta reuni\u00f3n conjunta.<\/p>\n<p>En un contexto de pandemia se tienen que extremar mecanismos de comunicaci\u00f3n entre los presidentes de las comisiones de ambas C\u00e1maras para mejorar la t\u00e9cnica legislativa.<\/p>\n<p>Miranda indic\u00f3 que se va a avanzar, recordando que tienen estado parlamentario proyectos similares en la C\u00e1mara de Senadores y hubiera sido m\u00e1s pr\u00e1ctico adherir a la normativa nacional vigente. M\u00e1s all\u00e1 de esto resalt\u00f3 la importancia \u201cde avanzar en una respuesta para un grupo que tiene cuestiones de salud que debe atender de inmediato\u201d.<\/p>\n<p>El senador Dal Mol\u00edn mostr\u00f3 su reparo sobre los inconvenientes que puede generar la redacci\u00f3n actual a la hora de la reglamentaci\u00f3n. Consider\u00f3 que deber\u00eda tratarse una nueva redacci\u00f3n, pero acompa\u00f1\u00f3 m\u00e1s all\u00e1 de esta observaci\u00f3n la postura mayoritaria.<\/p>\n<p>Maradey tom\u00f3 la palabra y coincidi\u00f3 con Miranda en la necesidad de mejorar el trabajo coordinado con diputados, se inform\u00f3 en un comunicado enviado.<\/p>\n<p>&nbsp;<\/p>\n<p><strong>La votaci\u00f3n<\/strong><\/p>\n<p>Concluido el intercambio se pas\u00f3 a la votaci\u00f3n y el despacho se aprob\u00f3, por lo que el texto podr\u00eda recibir ma\u00f1ana sanci\u00f3n definitiva.<\/p>\n<p>Cabe comentar que se toma votaci\u00f3n a cada uno de los presentes a trav\u00e9s de los secretarios adjuntos de comisiones.<\/p>\n<p>Estuvieron de acuerdo y que se pida al Ejecutivo que se tenga especial cuidado en la redacci\u00f3n de la reglamentaci\u00f3n. \u201cSon sugerencias importantes las que surgen\u201d, se indic\u00f3, respetando la postura de la mayor\u00eda que era avanzar hacia la sanci\u00f3n teniendo en cuenta la coyuntura.<\/p>\n<p>La reuni\u00f3n a trav\u00e9s de videoconferencia se coordin\u00f3 desde el Recinto de la C\u00e1mara Alta, comenz\u00f3 poco despu\u00e9s de las 10 y termin\u00f3 una hora despu\u00e9s.<\/p>\n","protected":false},"excerpt":{"rendered":"<p>Con fuertes cr\u00edticas a \u201clos errores de t\u00e9cnica legislativa\u201d que tuvo la iniciativa aprobada en Diputados, las Comisiones de Salud y de Legislaci\u00f3n General de la C\u00e1mara de Senadores dio despacho favorable al proyecto sobre electrodependientes. La senadora Nancy Mirando inst\u00f3 a \u201cmejorar la coordinaci\u00f3n\u201d entre las dos c\u00e1maras legislativas &nbsp; &nbsp; Este martes, por videoconferencia, se realiz\u00f3 una reuni\u00f3n conjunta de las comisiones de Salud, Medio Ambiente Humano y Drogadicci\u00f3n, y de Legislaci\u00f3n General de la C\u00e1mara de Senadores.\u00a0 Estuvieron presentes las presidentas de estas instancias legislativas, Nancy Miranda&#8230;<\/p>\n","protected":false},"author":3,"featured_media":61233,"comment_status":"closed","ping_status":"closed","sticky":false,"template":"","format":"standard","meta":[],"categories":[15],"tags":[],"_links":{"self":[{"href":"https:\/\/www.actualidadadiario.com\/index.php\/wp-json\/wp\/v2\/posts\/61232"}],"collection":[{"href":"https:\/\/www.actualidadadiario.com\/index.php\/wp-json\/wp\/v2\/posts"}],"about":[{"href":"https:\/\/www.actualidadadiario.com\/index.php\/wp-json\/wp\/v2\/types\/post"}],"author":[{"embeddable":true,"href":"https:\/\/www.actualidadadiario.com\/index.php\/wp-json\/wp\/v2\/users\/3"}],"replies":[{"embeddable":true,"href":"https:\/\/www.actualidadadiario.com\/index.php\/wp-json\/wp\/v2\/comments?post=61232"}],"version-history":[{"count":1,"href":"https:\/\/www.actualidadadiario.com\/index.php\/wp-json\/wp\/v2\/posts\/61232\/revisions"}],"predecessor-version":[{"id":61234,"href":"https:\/\/www.actualidadadiario.com\/index.php\/wp-json\/wp\/v2\/posts\/61232\/revisions\/61234"}],"wp:featuredmedia":[{"embeddable":true,"href":"https:\/\/www.actualidadadiario.com\/index.php\/wp-json\/wp\/v2\/media\/61233"}],"wp:attachment":[{"href":"https:\/\/www.actualidadadiario.com\/index.php\/wp-json\/wp\/v2\/media?parent=61232"}],"wp:term":[{"taxonomy":"category","embeddable":true,"href":"https:\/\/www.actualidadadiario.com\/index.php\/wp-json\/wp\/v2\/categories?post=61232"},{"taxonomy":"post_tag","embeddable":true,"href":"https:\/\/www.actualidadadiario.com\/index.php\/wp-json\/wp\/v2\/tags?post=61232"}],"curies":[{"name":"wp","href":"https:\/\/api.w.org\/{rel}","templated":true}]}}