{"id":61220,"date":"2020-05-12T16:34:13","date_gmt":"2020-05-12T19:34:13","guid":{"rendered":"https:\/\/www.actualidadadiario.com\/?p=61220"},"modified":"2020-05-12T16:34:13","modified_gmt":"2020-05-12T19:34:13","slug":"625-entrerrianos-fueron-habilitados-para-volver-a-la-provincia","status":"publish","type":"post","link":"https:\/\/www.actualidadadiario.com\/index.php\/2020\/05\/12\/625-entrerrianos-fueron-habilitados-para-volver-a-la-provincia\/","title":{"rendered":"625 entrerrianos fueron habilitados para volver a la provincia"},"content":{"rendered":"<p style=\"text-align: center;\"><em><strong>&#8220;Los primeros certificados para el regreso a casa para la provincia de Entre R\u00edos fueron emitidos el domingo y a la fecha, 625 entrerrianos cuentan con el permiso para volver&#8221;, inform\u00f3 Escand\u00f3n<\/strong><\/em><\/p>\n<p>&nbsp;<\/p>\n<p>&nbsp;<\/p>\n<p>&#8220;A una semana de la habilitaci\u00f3n del registro provincial para el regreso a casa, a la fecha se registraron 1680 formularios, 1.000 de los cuales ya fueron enviados a Naci\u00f3n&#8221;, comunic\u00f3 la secretaria de Modernizaci\u00f3n, Lucrecia Escand\u00f3n.<\/p>\n<p>&#8220;Los primeros certificados para el regreso a casa para la provincia de Entre R\u00edos fueron emitidos el domingo y a la fecha, 625 entrerrianos cuentan con el permiso para volver&#8221;, inform\u00f3 al explicar que &#8220;la Provincia tiene la responsabilidad de certificar el domicilio que cada uno de entrerrianos consignaron en el formulario y luego se lo env\u00eda a Naci\u00f3n, que es la autoridad responsable de generar los certificados para el regreso a casa&#8221;.<\/p>\n<p>&#8220;En un operativo en conjunto con el COES, la Polic\u00eda de Entre R\u00edos y el Ministerio de Gobierno nos comunicamos permanentemente con cada una de esas personas que regresa a la provincia con el objetivo de transmitirles todas las medidas sanitarias correspondientes&#8221;, se\u00f1al\u00f3 Escand\u00f3n. Y de acuerdo a lo que indic\u00f3, &#8220;se les informa a los municipios sobre las personas que ingresar\u00e1n en las pr\u00f3ximas 96 horas a la provincia en orden a que esa es la vigencia de los certificados&#8221;.<\/p>\n<p>&#8220;Los entrerrianos que quieran volver a la provincia deben contar con veh\u00edculo propio y en caso de no tenerlo, pueden ser buscados por un conductor desde Entre R\u00edos que debe ser consignado en dicho formulario&#8221;, aclar\u00f3 al respecto.<\/p>\n<p>El formulario para tramitar el regreso a Entre R\u00edos de los ciudadanos que quedaron varados en otras provincias por la cuarentena, puede gestionarse en el siguiente link: &#8220;Regreso a casa&#8221;.<\/p>\n<p>&nbsp;<\/p>\n<p><strong>ErBot responde consultas sobre coronavirus<\/strong><\/p>\n<p>Al brindar el informe sobre el estado de situaci\u00f3n provincial en relaci\u00f3n al Coronavirus, Escand\u00f3n comunic\u00f3 que &#8220;desde la semana pasada se encuentra disponible una herramienta tecnol\u00f3gica de comunicaci\u00f3n accesible que es conocida como ErBot y cuyo contacto telef\u00f3nico es 343 6985515&#8221;.<\/p>\n<p>&#8220;ErBot es un sistema inteligente que responde a trav\u00e9s de WhatsApp desde un men\u00fa desplegable en el cual los ciudadanos podr\u00e1n realizar las consultas m\u00e1s frecuentes que fueron trabajadas por el equipo de Comunicaci\u00f3n del gobierno provincial en conjunto con todos los organismos provinciales&#8221;, ampli\u00f3 al respecto.<\/p>\n<p>Seg\u00fan se\u00f1al\u00f3 la secretaria provincial, ErBot responde consultas sobre coronavirus en relaci\u00f3n a &#8220;los \u00faltimos n\u00fameros respecto de los casos en el pa\u00eds y en la provincia, las medidas en materia productiva, econ\u00f3mica y social, consultas sobre los certificados de circulaci\u00f3n&#8221;.<\/p>\n<p>Del informe de situaci\u00f3n tambi\u00e9n participaron el titular de la Administradora Tributaria de Entre R\u00edos (ATER), Germ\u00e1n Gran\u00e9; y el director General de Primer Nivel de Atenci\u00f3n del Ministerio de Salud, Lautaro Torriani.<\/p>\n","protected":false},"excerpt":{"rendered":"<p>&#8220;Los primeros certificados para el regreso a casa para la provincia de Entre R\u00edos fueron emitidos el domingo y a la fecha, 625 entrerrianos cuentan con el permiso para volver&#8221;, inform\u00f3 Escand\u00f3n &nbsp; &nbsp; &#8220;A una semana de la habilitaci\u00f3n del registro provincial para el regreso a casa, a la fecha se registraron 1680 formularios, 1.000 de los cuales ya fueron enviados a Naci\u00f3n&#8221;, comunic\u00f3 la secretaria de Modernizaci\u00f3n, Lucrecia Escand\u00f3n. &#8220;Los primeros certificados para el regreso a casa para la provincia de Entre R\u00edos fueron emitidos el domingo y&#8230;<\/p>\n","protected":false},"author":3,"featured_media":61221,"comment_status":"closed","ping_status":"closed","sticky":false,"template":"","format":"standard","meta":[],"categories":[9],"tags":[],"_links":{"self":[{"href":"https:\/\/www.actualidadadiario.com\/index.php\/wp-json\/wp\/v2\/posts\/61220"}],"collection":[{"href":"https:\/\/www.actualidadadiario.com\/index.php\/wp-json\/wp\/v2\/posts"}],"about":[{"href":"https:\/\/www.actualidadadiario.com\/index.php\/wp-json\/wp\/v2\/types\/post"}],"author":[{"embeddable":true,"href":"https:\/\/www.actualidadadiario.com\/index.php\/wp-json\/wp\/v2\/users\/3"}],"replies":[{"embeddable":true,"href":"https:\/\/www.actualidadadiario.com\/index.php\/wp-json\/wp\/v2\/comments?post=61220"}],"version-history":[{"count":1,"href":"https:\/\/www.actualidadadiario.com\/index.php\/wp-json\/wp\/v2\/posts\/61220\/revisions"}],"predecessor-version":[{"id":61222,"href":"https:\/\/www.actualidadadiario.com\/index.php\/wp-json\/wp\/v2\/posts\/61220\/revisions\/61222"}],"wp:featuredmedia":[{"embeddable":true,"href":"https:\/\/www.actualidadadiario.com\/index.php\/wp-json\/wp\/v2\/media\/61221"}],"wp:attachment":[{"href":"https:\/\/www.actualidadadiario.com\/index.php\/wp-json\/wp\/v2\/media?parent=61220"}],"wp:term":[{"taxonomy":"category","embeddable":true,"href":"https:\/\/www.actualidadadiario.com\/index.php\/wp-json\/wp\/v2\/categories?post=61220"},{"taxonomy":"post_tag","embeddable":true,"href":"https:\/\/www.actualidadadiario.com\/index.php\/wp-json\/wp\/v2\/tags?post=61220"}],"curies":[{"name":"wp","href":"https:\/\/api.w.org\/{rel}","templated":true}]}}