{"id":61217,"date":"2020-05-12T16:33:17","date_gmt":"2020-05-12T19:33:17","guid":{"rendered":"https:\/\/www.actualidadadiario.com\/?p=61217"},"modified":"2020-05-12T16:33:17","modified_gmt":"2020-05-12T19:33:17","slug":"el-gobierno-de-entre-rios-habilito-las-salidas-de-esparcimiento","status":"publish","type":"post","link":"https:\/\/www.actualidadadiario.com\/index.php\/2020\/05\/12\/el-gobierno-de-entre-rios-habilito-las-salidas-de-esparcimiento\/","title":{"rendered":"El gobierno de Entre R\u00edos habilit\u00f3 las salidas de esparcimiento"},"content":{"rendered":"<p style=\"text-align: center;\"><em><strong>&#8220;Habilitamos las salidas de esparcimiento previa adhesi\u00f3n de los municipios al protocolo dispuesto por el Comit\u00e9 de Emergencia Sanitaria. Estas salidas tienen un fin terap\u00e9utico y no significan dejar de lado las medidas de autocuidado y aislamiento&#8221;, inform\u00f3 el gobernador Gustavo Bordet<\/strong><\/em><\/p>\n<p>&nbsp;<\/p>\n<p>&nbsp;<\/p>\n<p>En la conferencia de prensa virtual de este lunes el mandatario tambi\u00e9n agreg\u00f3: &#8220;M\u00e1s all\u00e1 de los buenos resultados que hemos tenido hasta ac\u00e1, es necesario recordar que la pandemia no est\u00e1 superada a\u00fan. Por eso apelamos nuevamente a la responsabilidad social e individual. Y, si se modifica el mapa epidemiol\u00f3gico, deberemos volver atr\u00e1s con estas medidas&#8221;.<\/p>\n<p>Tambi\u00e9n el gobernador remarc\u00f3 que se &#8220;seguir\u00e1 siendo muy estrictos con los controles en los pasos lim\u00edtrofes de la provincia para poder seguir asegurando la situaci\u00f3n epidemiol\u00f3gica&#8221;.<\/p>\n<p>La disposici\u00f3n se da atendiendo a la situaci\u00f3n epidemiol\u00f3gica actual de Entre R\u00edos, de control sobre la pandemia y sin circulaci\u00f3n activa del virus, lo que le permite ingresar a la cuarta fase de la administraci\u00f3n del aislamiento social obligatorio dispuesta por el gobierno nacional.<\/p>\n<p>Durante la conferencia, el gobernador explic\u00f3: \u201cTal como lo anunciara el presidente Alberto Fern\u00e1ndez, d\u00edas pasados, hemos ingresado a la fase cuatro de la pandemia. La situaci\u00f3n epidemiol\u00f3gica en Entre R\u00edos hoy presenta 28 casos confirmados y tambi\u00e9n un gran n\u00famero de casos que han sido descartados, por lo cual en nuestra provincia todos los casos presentados tienen caracter\u00edsticas de contacto estrecho con viajeros al exterior o de otras provincias que tienen circulaci\u00f3n comunitaria o por haber estado en otros pa\u00edses&#8221;, dijo Bordet.<\/p>\n<p>Luego sostuvo que no se registran en nuestra provincia casos de circulaci\u00f3n activa, es decir casos aut\u00f3ctonos, y apunt\u00f3 que eso se debe a dos factores: \u201cPrimero al formidable trabajo que han realizado nuestros equipos de Salud en el territorio, atendiendo cada situaci\u00f3n que se presentaba y aislando a quienes ten\u00edan contagio de la enfermedad para evitar justamente la propagaci\u00f3n. Este trabajo debe ser reconocido por el alto grado de profesionalidad que se ha puesto de manifiesto en todas las l\u00edneas, desde los epidemi\u00f3logos, otros profesionales m\u00e9dicos, tambi\u00e9n con nuestros enfermeros y enfermeras, agentes sanitarios. Hay un gran equipo que ha desplegado una gran tarea en todo el territorio de la provincia. Y el segundo factor tiene que ver con el comportamiento c\u00edvico de nuestros ciudadanos en cada una de nuestras localidades, en ese trabajo articulado que hemos tenido con los intendentes, en el comportamiento individual de cada persona, de cada grupo familiar, para cumplir con las normas de autoaislamiento impuesto y tambi\u00e9n de higiene, de separaci\u00f3n entre grupos de personas, que es lo que ha permitido que hoy la enfermedad est\u00e9 controlada&#8221;, acot\u00f3 el gobernador.<\/p>\n<p>M\u00e1s adelante, sostuvo que en Entre R\u00edos, en cuanto a las habilitaciones comerciales, est\u00e1n pr\u00e1cticamente habilitadas todas, excepto las que est\u00e1n expresamente prohibidas en el decreto de necesidad y urgencia que firm\u00f3 el Presidente de la Naci\u00f3n. \u201cEl resto de las actividades se est\u00e1n desarrollando con todos los protocolos que nos hemos impuesto para que se pueda realizar de manera segura y sanitariamente controlada&#8221;, coment\u00f3.<\/p>\n<p>Tras ello, el gobernador Bordet anunci\u00f3 que desde este lunes se habilitar\u00e1n las actividades recreativas bajo un protocolo que elabor\u00f3 el Comit\u00e9 de Emergencia Sanitaria para todas las localidades de la provincia donde puedan realizarse las salidas recreativas. \u201cEsto est\u00e1 vigente a partir de hoy, pero previa adhesi\u00f3n de cada uno de los municipios para garantizar el control de estas actividades. En ese sentido nuevamente vuelvo a apelar a la responsabilidad ciudadana, a la responsabilidad que nos cabe como vecinos de cada una de las localidades para hacerlo con la m\u00e1xima responsabilidad, teniendo en cuenta que depende de nosotros y fundamentalmente dici\u00e9ndoles a todos los entrerrianos y entrerrianas que la cuarentena no ha terminado. Seguimos en cuarentena, estamos en una fase cuatro donde hay una mayor habilitaci\u00f3n de actividades comerciales y recreativas, pero tenemos que seguir conservando las normas de autoaislamiento, fundamentalmente la de aquellas personas est\u00e1n en situaci\u00f3n de riesgo, es decir mayores de 65 a\u00f1os, mujeres embarazadas, personas que presentan enfermedades prevalentes. Es all\u00ed donde tenemos que estar cuidando&#8221;, detall\u00f3 Bordet.<\/p>\n<p>Por \u00faltimo, indic\u00f3: &#8220;En esta etapa nuevamente quiero transmitirles que si somos capaces de seguir manteniendo una situaci\u00f3n epidemiol\u00f3gica controlada, m\u00e1s r\u00e1pido, como ha ocurrido hasta ahora, iremos saliendo de esta situaci\u00f3n. Caso contrario, si eso no ocurre, autom\u00e1ticamente vamos a retrotraer estas medidas para proteger la salud de nuestra poblaci\u00f3n que siempre sigue siendo lo m\u00e1s importante y lo prioritario como gobierno de la provincia de Entre R\u00edos&#8221;.<\/p>\n","protected":false},"excerpt":{"rendered":"<p>&#8220;Habilitamos las salidas de esparcimiento previa adhesi\u00f3n de los municipios al protocolo dispuesto por el Comit\u00e9 de Emergencia Sanitaria. Estas salidas tienen un fin terap\u00e9utico y no significan dejar de lado las medidas de autocuidado y aislamiento&#8221;, inform\u00f3 el gobernador Gustavo Bordet &nbsp; &nbsp; En la conferencia de prensa virtual de este lunes el mandatario tambi\u00e9n agreg\u00f3: &#8220;M\u00e1s all\u00e1 de los buenos resultados que hemos tenido hasta ac\u00e1, es necesario recordar que la pandemia no est\u00e1 superada a\u00fan. Por eso apelamos nuevamente a la responsabilidad social e individual. Y, si&#8230;<\/p>\n","protected":false},"author":3,"featured_media":61218,"comment_status":"closed","ping_status":"closed","sticky":false,"template":"","format":"standard","meta":[],"categories":[9],"tags":[],"_links":{"self":[{"href":"https:\/\/www.actualidadadiario.com\/index.php\/wp-json\/wp\/v2\/posts\/61217"}],"collection":[{"href":"https:\/\/www.actualidadadiario.com\/index.php\/wp-json\/wp\/v2\/posts"}],"about":[{"href":"https:\/\/www.actualidadadiario.com\/index.php\/wp-json\/wp\/v2\/types\/post"}],"author":[{"embeddable":true,"href":"https:\/\/www.actualidadadiario.com\/index.php\/wp-json\/wp\/v2\/users\/3"}],"replies":[{"embeddable":true,"href":"https:\/\/www.actualidadadiario.com\/index.php\/wp-json\/wp\/v2\/comments?post=61217"}],"version-history":[{"count":1,"href":"https:\/\/www.actualidadadiario.com\/index.php\/wp-json\/wp\/v2\/posts\/61217\/revisions"}],"predecessor-version":[{"id":61219,"href":"https:\/\/www.actualidadadiario.com\/index.php\/wp-json\/wp\/v2\/posts\/61217\/revisions\/61219"}],"wp:featuredmedia":[{"embeddable":true,"href":"https:\/\/www.actualidadadiario.com\/index.php\/wp-json\/wp\/v2\/media\/61218"}],"wp:attachment":[{"href":"https:\/\/www.actualidadadiario.com\/index.php\/wp-json\/wp\/v2\/media?parent=61217"}],"wp:term":[{"taxonomy":"category","embeddable":true,"href":"https:\/\/www.actualidadadiario.com\/index.php\/wp-json\/wp\/v2\/categories?post=61217"},{"taxonomy":"post_tag","embeddable":true,"href":"https:\/\/www.actualidadadiario.com\/index.php\/wp-json\/wp\/v2\/tags?post=61217"}],"curies":[{"name":"wp","href":"https:\/\/api.w.org\/{rel}","templated":true}]}}