{"id":61210,"date":"2020-05-11T13:08:17","date_gmt":"2020-05-11T16:08:17","guid":{"rendered":"https:\/\/www.actualidadadiario.com\/?p=61210"},"modified":"2020-05-11T13:08:17","modified_gmt":"2020-05-11T16:08:17","slug":"suben-los-contagios-en-alemania-dias-despues-de-aliviar-restricciones","status":"publish","type":"post","link":"https:\/\/www.actualidadadiario.com\/index.php\/2020\/05\/11\/suben-los-contagios-en-alemania-dias-despues-de-aliviar-restricciones\/","title":{"rendered":"Suben los contagios en Alemania d\u00edas despu\u00e9s de aliviar restricciones"},"content":{"rendered":"<p style=\"text-align: center;\"><em><strong>Espa\u00f1a y Francia inician hoy pasos graduales hacia la vuelta a la calma en medio de dudas<\/strong><\/em><\/p>\n<p>&nbsp;<\/p>\n<p>&nbsp;<\/p>\n<p>Mientras el gobierno alem\u00e1n viene trabajando desde hace d\u00edas en la flexibilizaci\u00f3n de las medidas contra el avance de la pandemia de coronavirus, el n\u00famero de nuevos contagios causados por una persona infectada volvi\u00f3 a subir por encima de 1, despu\u00e9s de que en los \u00faltimos d\u00edas cayera incluso hasta el 0,65, seg\u00fan el \u00faltimo informe publicado ayer por el Instituto Robert Koch (RKI) de virolog\u00eda.<\/p>\n<p>El dato caus\u00f3 inquietud a horas de que hoy reabran algunos de los principales museos del pa\u00eds, de acuerdo con el plan de flexibilizaci\u00f3n ya iniciado.<\/p>\n<p>Con un \u00edndice de reproducci\u00f3n o factor R de 1,1 seg\u00fan datos de del s\u00e1bado, un individuo infectado contagia en la actualidad a otra persona, cuando el objetivo es mantener esa tasa por debajo de 1 para poder hablar de una remisi\u00f3n de la epidemia.<\/p>\n<p>De todos modos, el RKI recuerda que cuando se interpretan datos siempre hay que tener en cuenta el factor de inseguridad ligada al c\u00e1lculo.<\/p>\n<p>\u201cDebido a las oscilaciones estad\u00edsticas, incrementadas por las cifras en general bajas, todav\u00eda no se puede evaluar si la tendencia a la baja observada durante la \u00faltima semana en cuanto a nuevas infecciones continuar\u00e1 o si se va a dar un nuevo aumento de casos\u201d, precisa el informe.<\/p>\n<p>En todo caso, la subida del factor R estimado hace necesario \u201cobservar con mucho detenimiento\u201d el desarrollo en los pr\u00f3ximos d\u00edas, subraya.<\/p>\n<p>Seg\u00fan a la \u00faltima actualizaci\u00f3n de cifras del RK, en la \u00faltima medianoche, el n\u00famero de infecciones hab\u00eda ascendido en las \u00faltimas horas en 667 hasta las 169.218, mientras que la cifra de muertes se situaba en 7.395, lo que supone 26 m\u00e1s en un d\u00eda.<\/p>\n<p>En tanto, la incidencia a nivel federal se situaba en 204 contagios por cada 100.000 habitantes, con claras diferencias regionales.<\/p>\n<p>El mi\u00e9rcoles, el Gobierno alem\u00e1n y los estados federados acordaron aliviar las restricciones, aunque con el compromiso de introducir nuevas medidas restrictivas en aquellas circunscripciones en las que se detecten m\u00e1s de 50 nuevas infecciones por cada 100.000 habitantes en un plazo de siete d\u00edas.<\/p>\n<p>Mientras tanto, varios pa\u00edses europeos, como Francia y Espa\u00f1a, viv\u00edan ayer su \u00faltimo d\u00eda de confinamiento, entre alegr\u00eda y miedo a un nuevo repunte de contagios del nuevo coronavirus, que ya ha dejado m\u00e1s de 280.000 muertos en el mundo.<\/p>\n<p>A partir del hoy, en Espa\u00f1a, uno de los pa\u00edses m\u00e1s golpeados por la pandemia con m\u00e1s de 26.600 decesos, la mitad de sus 47 millones de habitantes entran en la fase 1 del per\u00edodo de desconfinamiento, lo que les permitir\u00e1 reunirse con grupos de hasta diez personas, quedar en terrazas con aforo limitado o acudir a tiendas sin tener que pedir cita previa.<\/p>\n","protected":false},"excerpt":{"rendered":"<p>Espa\u00f1a y Francia inician hoy pasos graduales hacia la vuelta a la calma en medio de dudas &nbsp; &nbsp; Mientras el gobierno alem\u00e1n viene trabajando desde hace d\u00edas en la flexibilizaci\u00f3n de las medidas contra el avance de la pandemia de coronavirus, el n\u00famero de nuevos contagios causados por una persona infectada volvi\u00f3 a subir por encima de 1, despu\u00e9s de que en los \u00faltimos d\u00edas cayera incluso hasta el 0,65, seg\u00fan el \u00faltimo informe publicado ayer por el Instituto Robert Koch (RKI) de virolog\u00eda. El dato caus\u00f3 inquietud a&#8230;<\/p>\n","protected":false},"author":3,"featured_media":61211,"comment_status":"closed","ping_status":"closed","sticky":false,"template":"","format":"standard","meta":[],"categories":[4],"tags":[],"_links":{"self":[{"href":"https:\/\/www.actualidadadiario.com\/index.php\/wp-json\/wp\/v2\/posts\/61210"}],"collection":[{"href":"https:\/\/www.actualidadadiario.com\/index.php\/wp-json\/wp\/v2\/posts"}],"about":[{"href":"https:\/\/www.actualidadadiario.com\/index.php\/wp-json\/wp\/v2\/types\/post"}],"author":[{"embeddable":true,"href":"https:\/\/www.actualidadadiario.com\/index.php\/wp-json\/wp\/v2\/users\/3"}],"replies":[{"embeddable":true,"href":"https:\/\/www.actualidadadiario.com\/index.php\/wp-json\/wp\/v2\/comments?post=61210"}],"version-history":[{"count":1,"href":"https:\/\/www.actualidadadiario.com\/index.php\/wp-json\/wp\/v2\/posts\/61210\/revisions"}],"predecessor-version":[{"id":61212,"href":"https:\/\/www.actualidadadiario.com\/index.php\/wp-json\/wp\/v2\/posts\/61210\/revisions\/61212"}],"wp:featuredmedia":[{"embeddable":true,"href":"https:\/\/www.actualidadadiario.com\/index.php\/wp-json\/wp\/v2\/media\/61211"}],"wp:attachment":[{"href":"https:\/\/www.actualidadadiario.com\/index.php\/wp-json\/wp\/v2\/media?parent=61210"}],"wp:term":[{"taxonomy":"category","embeddable":true,"href":"https:\/\/www.actualidadadiario.com\/index.php\/wp-json\/wp\/v2\/categories?post=61210"},{"taxonomy":"post_tag","embeddable":true,"href":"https:\/\/www.actualidadadiario.com\/index.php\/wp-json\/wp\/v2\/tags?post=61210"}],"curies":[{"name":"wp","href":"https:\/\/api.w.org\/{rel}","templated":true}]}}