{"id":61201,"date":"2020-05-11T13:05:48","date_gmt":"2020-05-11T16:05:48","guid":{"rendered":"https:\/\/www.actualidadadiario.com\/?p=61201"},"modified":"2020-05-11T13:05:48","modified_gmt":"2020-05-11T16:05:48","slug":"coronavirus-en-brasil-la-impactante-tapa-de-o-globo-por-los-10-mil-muertos","status":"publish","type":"post","link":"https:\/\/www.actualidadadiario.com\/index.php\/2020\/05\/11\/coronavirus-en-brasil-la-impactante-tapa-de-o-globo-por-los-10-mil-muertos\/","title":{"rendered":"Coronavirus en Brasil: la impactante tapa de O Globo por los 10 mil muertos"},"content":{"rendered":"<p style=\"text-align: center;\"><em><strong>El diario O Globo, uno de los m\u00e1s importantes de Brasil, dedic\u00f3 su portada a las v\u00edctimas de la covid-19 en ese pa\u00eds, donde el presidente Jair Bolsonaro sigue minimizando la enfermedad<\/strong><\/em><\/p>\n<p>&nbsp;<\/p>\n<p>&nbsp;<\/p>\n<p>Con el titular \u201c10 mil historias\u201d, el peri\u00f3dico public\u00f3 en su tapa los nombres de los m\u00e1s de10 mil muertos registrados hasta el s\u00e1bado por la pandemia. Asegura que es \u201cel suceso m\u00e1s letal de los \u00faltimos 102 a\u00f1os en Brasil\u201d. \u201cPara que la dimensi\u00f3n humana de la tragedia no se pierda en la frialdad de las estad\u00edsticas, O Globo homenajea sus vidas en un memorial virtual\u201d, agrega el texto publicado.<\/p>\n<p>Brasil super\u00f3 el s\u00e1bado los 10 mil muertos por coronavirus y se afianz\u00f3 como epicentro de la enfermedad en Am\u00e9rica Latina, mientras contin\u00faan las cr\u00edticas contra el presidente Jair Bolsonaro.<\/p>\n<p>Bolsonaro volvi\u00f3 este fin de semana a deso\u00edr recomendaciones de autoridades sanitarias de evitar aglomeraciones e incluso desafi\u00f3 a los especialistas anunciar que har\u00eda un asado para decenas de invitados. Finalmente no realiz\u00f3 ese evento, pero lo sustituy\u00f3 por un paseo en moto acu\u00e1tica.<\/p>\n","protected":false},"excerpt":{"rendered":"<p>El diario O Globo, uno de los m\u00e1s importantes de Brasil, dedic\u00f3 su portada a las v\u00edctimas de la covid-19 en ese pa\u00eds, donde el presidente Jair Bolsonaro sigue minimizando la enfermedad &nbsp; &nbsp; Con el titular \u201c10 mil historias\u201d, el peri\u00f3dico public\u00f3 en su tapa los nombres de los m\u00e1s de10 mil muertos registrados hasta el s\u00e1bado por la pandemia. Asegura que es \u201cel suceso m\u00e1s letal de los \u00faltimos 102 a\u00f1os en Brasil\u201d. \u201cPara que la dimensi\u00f3n humana de la tragedia no se pierda en la frialdad de&#8230;<\/p>\n","protected":false},"author":3,"featured_media":61202,"comment_status":"closed","ping_status":"closed","sticky":false,"template":"","format":"standard","meta":[],"categories":[4],"tags":[],"_links":{"self":[{"href":"https:\/\/www.actualidadadiario.com\/index.php\/wp-json\/wp\/v2\/posts\/61201"}],"collection":[{"href":"https:\/\/www.actualidadadiario.com\/index.php\/wp-json\/wp\/v2\/posts"}],"about":[{"href":"https:\/\/www.actualidadadiario.com\/index.php\/wp-json\/wp\/v2\/types\/post"}],"author":[{"embeddable":true,"href":"https:\/\/www.actualidadadiario.com\/index.php\/wp-json\/wp\/v2\/users\/3"}],"replies":[{"embeddable":true,"href":"https:\/\/www.actualidadadiario.com\/index.php\/wp-json\/wp\/v2\/comments?post=61201"}],"version-history":[{"count":1,"href":"https:\/\/www.actualidadadiario.com\/index.php\/wp-json\/wp\/v2\/posts\/61201\/revisions"}],"predecessor-version":[{"id":61203,"href":"https:\/\/www.actualidadadiario.com\/index.php\/wp-json\/wp\/v2\/posts\/61201\/revisions\/61203"}],"wp:featuredmedia":[{"embeddable":true,"href":"https:\/\/www.actualidadadiario.com\/index.php\/wp-json\/wp\/v2\/media\/61202"}],"wp:attachment":[{"href":"https:\/\/www.actualidadadiario.com\/index.php\/wp-json\/wp\/v2\/media?parent=61201"}],"wp:term":[{"taxonomy":"category","embeddable":true,"href":"https:\/\/www.actualidadadiario.com\/index.php\/wp-json\/wp\/v2\/categories?post=61201"},{"taxonomy":"post_tag","embeddable":true,"href":"https:\/\/www.actualidadadiario.com\/index.php\/wp-json\/wp\/v2\/tags?post=61201"}],"curies":[{"name":"wp","href":"https:\/\/api.w.org\/{rel}","templated":true}]}}