{"id":61186,"date":"2020-05-11T13:00:03","date_gmt":"2020-05-11T16:00:03","guid":{"rendered":"https:\/\/www.actualidadadiario.com\/?p=61186"},"modified":"2020-05-11T13:00:03","modified_gmt":"2020-05-11T16:00:03","slug":"ultimo-ensayo-general-en-el-senado-de-cara-a-la-primera-sesion-virtual-por-el-coronavirus","status":"publish","type":"post","link":"https:\/\/www.actualidadadiario.com\/index.php\/2020\/05\/11\/ultimo-ensayo-general-en-el-senado-de-cara-a-la-primera-sesion-virtual-por-el-coronavirus\/","title":{"rendered":"\u00daltimo ensayo general en el Senado de cara a la primera sesi\u00f3n virtual por el coronavirus"},"content":{"rendered":"<p style=\"text-align: center;\"><em><strong>La vicepresidenta y titular de la C\u00e1mara alta, Cristina Fern\u00e1ndez de Kirchner, se reunir\u00e1 a las 14.30 con los legisladores por videoconferencia, para ajustar detalles y llevar a la pr\u00e1ctica un nuevo simulacro con miras al debate del mi\u00e9rcoles<\/strong><\/em><\/p>\n<p>&nbsp;<\/p>\n<p>&nbsp;<\/p>\n<p>El Senado de la Naci\u00f3n tendr\u00e1 hoy el \u00faltimo ensayo general previo a la primera sesi\u00f3n virtual del mi\u00e9rcoles con la que pondr\u00e1 fin a dos meses de inactividad como consecuencia del aislamiento social, preventivo y obligatorio por la pandemia de coronavirus.<\/p>\n<p>En ese marco, la vicepresidenta y titular de la C\u00e1mara alta, Cristina Fern\u00e1ndez de Kirchner, se reunir\u00e1 a las 14.30 con los legisladores por videoconferencia, para ajustar detalles y llevar a la pr\u00e1ctica un nuevo simulacro de sesi\u00f3n con miras al debate del mi\u00e9rcoles.<\/p>\n<p>En dos ensayos realizados durante la \u00faltima semana, uno con los 72 senadores y otro s\u00f3lo con la vicepresidenta, se probaron los m\u00e9todos de validaci\u00f3n de identidad para la obtenci\u00f3n del qu\u00f3rum y la forma de votaci\u00f3n electr\u00f3nica y el resultado fue exitoso, coincidieron fuentes oficiales y de la oposici\u00f3n.<\/p>\n<p>En esas dos pruebas, los senadores debieron identificarse mediante un sistema proporcionado por el Registro Nacional de las Personas (Renaper), con un usuario y una contrase\u00f1a que se les proporcion\u00f3, y luego llevaron a cabo dos simulacros de votaci\u00f3n que se cumplieron sin inconvenientes.<\/p>\n<p>Los senadores acordaron incluir en el temario de la sesi\u00f3n del mi\u00e9rcoles, mientras duren las restricciones, s\u00f3lo proyectos vinculados a la pandemia, por lo que llevar\u00e1n al recinto una veintena de decretos firmados por el presidente Alberto Fern\u00e1ndez con medidas para mitigar los efectos de la cuarentena, que deben recibir aval parlamentario.<\/p>\n<p>Tanto senadores del oficialismo como de la oposici\u00f3n valoraron que las pruebas se hayan realizado sin dificultades, en contraste con lo que ocurri\u00f3 la semana pasada con el ensayo efectuado en la C\u00e1mara de Diputados, donde no se pudo avanzar por los contratiempos t\u00e9cnicos.<\/p>\n<p>En el recinto, durante la sesi\u00f3n del mi\u00e9rcoles, s\u00f3lo podr\u00e1n estar Fern\u00e1ndez de Kirchner junto con el secretario parlamentario, el peronista Marcelo Fuentes, y el prosecretario parlamentario, el radical Juan Tunessi.<\/p>\n<p>Las dem\u00e1s autoridades -la presidenta provisional, la peronista santiague\u00f1a Claudia Abdala de Zamora; el vicepresidente, el radical porte\u00f1o Mart\u00edn Lousteau; el vicepresidente primero, el misionero del Frente Renovador Maurice Closs, y la vicepresidenta segunda, la cordobesa de PRO, Laura Rodr\u00edguez Machado- estar\u00e1n en el edificio de la C\u00e1mara y s\u00f3lo podr\u00e1n ingresar al hemiciclo en caso de que sea necesario reemplazar a la vicepresidenta en la moderaci\u00f3n de la sesi\u00f3n.<\/p>\n","protected":false},"excerpt":{"rendered":"<p>La vicepresidenta y titular de la C\u00e1mara alta, Cristina Fern\u00e1ndez de Kirchner, se reunir\u00e1 a las 14.30 con los legisladores por videoconferencia, para ajustar detalles y llevar a la pr\u00e1ctica un nuevo simulacro con miras al debate del mi\u00e9rcoles &nbsp; &nbsp; El Senado de la Naci\u00f3n tendr\u00e1 hoy el \u00faltimo ensayo general previo a la primera sesi\u00f3n virtual del mi\u00e9rcoles con la que pondr\u00e1 fin a dos meses de inactividad como consecuencia del aislamiento social, preventivo y obligatorio por la pandemia de coronavirus. En ese marco, la vicepresidenta y titular&#8230;<\/p>\n","protected":false},"author":3,"featured_media":61187,"comment_status":"closed","ping_status":"closed","sticky":false,"template":"","format":"standard","meta":[],"categories":[18],"tags":[],"_links":{"self":[{"href":"https:\/\/www.actualidadadiario.com\/index.php\/wp-json\/wp\/v2\/posts\/61186"}],"collection":[{"href":"https:\/\/www.actualidadadiario.com\/index.php\/wp-json\/wp\/v2\/posts"}],"about":[{"href":"https:\/\/www.actualidadadiario.com\/index.php\/wp-json\/wp\/v2\/types\/post"}],"author":[{"embeddable":true,"href":"https:\/\/www.actualidadadiario.com\/index.php\/wp-json\/wp\/v2\/users\/3"}],"replies":[{"embeddable":true,"href":"https:\/\/www.actualidadadiario.com\/index.php\/wp-json\/wp\/v2\/comments?post=61186"}],"version-history":[{"count":1,"href":"https:\/\/www.actualidadadiario.com\/index.php\/wp-json\/wp\/v2\/posts\/61186\/revisions"}],"predecessor-version":[{"id":61188,"href":"https:\/\/www.actualidadadiario.com\/index.php\/wp-json\/wp\/v2\/posts\/61186\/revisions\/61188"}],"wp:featuredmedia":[{"embeddable":true,"href":"https:\/\/www.actualidadadiario.com\/index.php\/wp-json\/wp\/v2\/media\/61187"}],"wp:attachment":[{"href":"https:\/\/www.actualidadadiario.com\/index.php\/wp-json\/wp\/v2\/media?parent=61186"}],"wp:term":[{"taxonomy":"category","embeddable":true,"href":"https:\/\/www.actualidadadiario.com\/index.php\/wp-json\/wp\/v2\/categories?post=61186"},{"taxonomy":"post_tag","embeddable":true,"href":"https:\/\/www.actualidadadiario.com\/index.php\/wp-json\/wp\/v2\/tags?post=61186"}],"curies":[{"name":"wp","href":"https:\/\/api.w.org\/{rel}","templated":true}]}}