{"id":61184,"date":"2020-05-11T12:58:29","date_gmt":"2020-05-11T15:58:29","guid":{"rendered":"https:\/\/www.actualidadadiario.com\/?p=61184"},"modified":"2020-05-11T12:58:29","modified_gmt":"2020-05-11T15:58:29","slug":"ya-es-oficial-la-extension-de-la-cuarentena-que-dice-el-nuevo-decreto","status":"publish","type":"post","link":"https:\/\/www.actualidadadiario.com\/index.php\/2020\/05\/11\/ya-es-oficial-la-extension-de-la-cuarentena-que-dice-el-nuevo-decreto\/","title":{"rendered":"Ya es oficial la extensi\u00f3n de la cuarentena: qu\u00e9 dice el nuevo decreto"},"content":{"rendered":"<p style=\"text-align: center;\"><em><strong>La pr\u00f3rroga del aislamiento es hasta el 24 de mayo\u00a0 y establece las actividades en las que se flexibilizar\u00e1 y las que seguir\u00e1n prohibidas<\/strong><\/em><\/p>\n<p>&nbsp;<\/p>\n<p>&nbsp;<\/p>\n<p>El gobierno nacional oficializ\u00f3 este lunes la pr\u00f3rroga del aislamiento social, preventivo y obligatorio hasta el 24 de mayo inclusive, como hab\u00eda anunciado el viernes por la noche el presidente Alberto Fern\u00e1ndez, e incluy\u00f3 la nueva etapa de &#8220;reapertura progresiva&#8221; en el pa\u00eds, a excepci\u00f3n de la ciudad y la provincia de Buenos Aires.<\/p>\n<p>En el Decreto de Necesidad y Urgencia (DNU) 459\/2020, se argumenta que las medidas de la cuarentena en las casas &#8220;siguen cumpliendo un rol de vital importancia para hacer frente a la epidemia y para mitigar el impacto sanitario del Covid-19&#8221;.<\/p>\n<p>Entre los argumentos de la flexibilizaci\u00f3n se\u00f1ala que el 83% de los departamentos del pa\u00eds no registran casos positivos en los \u00faltimos 14 d\u00edas y que la totalidad de los casos confirmados en ese tiempo se produjeron en el 17% restante del pa\u00eds, y que el tiempo de duplicaci\u00f3n de casos a la fecha supera los 25 d\u00edas a nivel nacional.<\/p>\n<p>El DNU plantea los protocolos para la reapertura de actividades comerciales e industriales, que depender\u00e1 de la situaci\u00f3n epidemiol\u00f3gica por el coronavirus.<\/p>\n<p>En localidades de hasta 500 mil habitantes, donde no haya transmisi\u00f3n local del virus y la duplicaci\u00f3n de casos no puede ser menor a 15 d\u00edas, se podr\u00e1n habilitar nuevas excepciones con el fin de autorizar actividades industriales, de servicios o comerciales.<\/p>\n<p>En todos los casos, el decreto establece que se deber\u00e1 cumplir con los siguientes requisitos para habilitar las excepciones:<\/p>\n<p>&nbsp;<\/p>\n<ol>\n<li>Que el tiempo de duplicaci\u00f3n de casos confirmados de COVID-19 no sea inferior a QUINCE (15) d\u00edas. No ser\u00e1 necesario cumplimentar este requisito si, por la escasa o nula cantidad de casos, no puede realizarse el mencionado c\u00e1lculo.<\/li>\n<\/ol>\n<p>&nbsp;<\/p>\n<ol start=\"2\">\n<li>Que el sistema de salud cuente con capacidad suficiente y adecuada para dar respuesta a la potencial demanda sanitaria.<\/li>\n<\/ol>\n<p>&nbsp;<\/p>\n<ol start=\"3\">\n<li>Que exista una evaluaci\u00f3n positiva de las autoridades sanitarias respecto del riesgo socio-sanitario con relaci\u00f3n a la densidad poblacional del \u00e1rea geogr\u00e1fica involucrada.<\/li>\n<\/ol>\n<p>&nbsp;<\/p>\n<ol start=\"4\">\n<li>Que la proporci\u00f3n de personas exceptuadas del \u201caislamiento social, preventivo y obligatorio\u201d, no supere el SETENTA Y CINCO POR CIENTO (75 %) de la poblaci\u00f3n total del Departamento o Partido, seg\u00fan corresponda.<\/li>\n<\/ol>\n<p>&nbsp;<\/p>\n<ol start=\"5\">\n<li>Que el Departamento o Partido comprendido en la medida no est\u00e9 definido por la autoridad sanitaria nacional como aquellos \u201ccon transmisi\u00f3n local o por conglomerado\u201d (https:\/\/www.argentina.gob.ar\/salud\/coronavirus-COVID-19\/zonas-definidas-transmision-local)<\/li>\n<\/ol>\n<p>&nbsp;<\/p>\n<p>En ciudades de m\u00e1s de 500 mil habitantes, a excepci\u00f3n de provincia y ciudad de Buenos Aires, la habilitaci\u00f3n de nuevas actividades no ser\u00e1 autom\u00e1tica y s\u00f3lo podr\u00e1n volver a funcionar aquellas que tengan aprobado el protocolo sanitario y en la que las empresas garanticen el transporte de los trabajadores para evitar que utilicen el sistema p\u00fablico. La localidad, adem\u00e1s, no podr\u00e1 tener un tiempo de duplicaci\u00f3n de casos menor a 25 d\u00edas.<\/p>\n<p>Para el \u00c1rea Metropolitana de Buenos Aires, el decreto se\u00f1ala que el gobernador bonaerense y el jefe de Gobierno porte\u00f1o podr\u00e1n autorizar nuevas excepciones con el fin de permitir la realizaci\u00f3n de actividades industriales, de servicios o comerciales. Esto se someter\u00e1 a la evaluaci\u00f3n del gobierno nacional y depender\u00e1 de que el empleador o la empleadora garanticen el traslado de los trabajadores y las trabajadoras sin la utilizaci\u00f3n del servicio p\u00fablico de transporte de pasajeros. Para ello podr\u00e1 contratar servicios de transporte automotor urbano y suburbano de oferta libre, veh\u00edculos habilitados para el servicio de taxi, remis o similar, siempre que estos \u00faltimos transporten en cada viaje un solo pasajero o pasajera.<\/p>\n<p>&nbsp;<\/p>\n<p><strong>La norma establece, por otro lado, la continuidad de las siguientes prohibiciones en todo el pa\u00eds:<\/strong><\/p>\n<p>&nbsp;<\/p>\n<ol>\n<li>Dictado de clases presenciales en todos los niveles y todas las modalidades.<\/li>\n<\/ol>\n<p>&nbsp;<\/p>\n<ol start=\"2\">\n<li>Eventos p\u00fablicos y privados: sociales, culturales, recreativos, deportivos, religiosos y de cualquier otra \u00edndole que implique la concurrencia de personas.<\/li>\n<\/ol>\n<p>&nbsp;<\/p>\n<ol start=\"3\">\n<li>Centros comerciales, cines, teatros, centros culturales, bibliotecas, museos, restaurantes, bares, gimnasios, clubes y cualquier espacio p\u00fablico o privado que implique la concurrencia de personas.<\/li>\n<\/ol>\n<p>&nbsp;<\/p>\n<ol start=\"4\">\n<li>Transporte p\u00fablico de pasajeros interurbano, interjurisdiccional e internacional, salvo para los casos previstos en el art\u00edculo 11 de este decreto.<\/li>\n<\/ol>\n<p>&nbsp;<\/p>\n<ol start=\"5\">\n<li>Actividades tur\u00edsticas; apertura de parques, plazas o similares.<\/li>\n<\/ol>\n<p>&nbsp;<\/p>\n<p>En los fundamentos, se se\u00f1ala que las medidas &#8220;han logrado contener el crecimiento exponencial de los casos y muertes por Covid-19 y han permitido que la poblaci\u00f3n conozca las medidas sanitarias para prevenir contagios y que el sistema de salud se prepare para atender la potencial demanda&#8221;.<\/p>\n<p>El DNU da cuenta de &#8220;un comportamiento regional distinto al observado en las semanas anteriores&#8221; y se\u00f1ala que &#8220;la evoluci\u00f3n de la pandemia en la mayor\u00eda de los pa\u00edses de la regi\u00f3n ha evidenciado trayectorias mucho m\u00e1s severas&#8221;.<\/p>\n","protected":false},"excerpt":{"rendered":"<p>La pr\u00f3rroga del aislamiento es hasta el 24 de mayo\u00a0 y establece las actividades en las que se flexibilizar\u00e1 y las que seguir\u00e1n prohibidas &nbsp; &nbsp; El gobierno nacional oficializ\u00f3 este lunes la pr\u00f3rroga del aislamiento social, preventivo y obligatorio hasta el 24 de mayo inclusive, como hab\u00eda anunciado el viernes por la noche el presidente Alberto Fern\u00e1ndez, e incluy\u00f3 la nueva etapa de &#8220;reapertura progresiva&#8221; en el pa\u00eds, a excepci\u00f3n de la ciudad y la provincia de Buenos Aires. En el Decreto de Necesidad y Urgencia (DNU) 459\/2020, se&#8230;<\/p>\n","protected":false},"author":3,"featured_media":60528,"comment_status":"closed","ping_status":"closed","sticky":false,"template":"","format":"standard","meta":[],"categories":[18],"tags":[],"_links":{"self":[{"href":"https:\/\/www.actualidadadiario.com\/index.php\/wp-json\/wp\/v2\/posts\/61184"}],"collection":[{"href":"https:\/\/www.actualidadadiario.com\/index.php\/wp-json\/wp\/v2\/posts"}],"about":[{"href":"https:\/\/www.actualidadadiario.com\/index.php\/wp-json\/wp\/v2\/types\/post"}],"author":[{"embeddable":true,"href":"https:\/\/www.actualidadadiario.com\/index.php\/wp-json\/wp\/v2\/users\/3"}],"replies":[{"embeddable":true,"href":"https:\/\/www.actualidadadiario.com\/index.php\/wp-json\/wp\/v2\/comments?post=61184"}],"version-history":[{"count":1,"href":"https:\/\/www.actualidadadiario.com\/index.php\/wp-json\/wp\/v2\/posts\/61184\/revisions"}],"predecessor-version":[{"id":61185,"href":"https:\/\/www.actualidadadiario.com\/index.php\/wp-json\/wp\/v2\/posts\/61184\/revisions\/61185"}],"wp:featuredmedia":[{"embeddable":true,"href":"https:\/\/www.actualidadadiario.com\/index.php\/wp-json\/wp\/v2\/media\/60528"}],"wp:attachment":[{"href":"https:\/\/www.actualidadadiario.com\/index.php\/wp-json\/wp\/v2\/media?parent=61184"}],"wp:term":[{"taxonomy":"category","embeddable":true,"href":"https:\/\/www.actualidadadiario.com\/index.php\/wp-json\/wp\/v2\/categories?post=61184"},{"taxonomy":"post_tag","embeddable":true,"href":"https:\/\/www.actualidadadiario.com\/index.php\/wp-json\/wp\/v2\/tags?post=61184"}],"curies":[{"name":"wp","href":"https:\/\/api.w.org\/{rel}","templated":true}]}}