{"id":61181,"date":"2020-05-11T12:57:18","date_gmt":"2020-05-11T15:57:18","guid":{"rendered":"https:\/\/www.actualidadadiario.com\/?p=61181"},"modified":"2020-05-11T12:57:18","modified_gmt":"2020-05-11T15:57:18","slug":"quienes-cobraran-esta-semana-el-ife","status":"publish","type":"post","link":"https:\/\/www.actualidadadiario.com\/index.php\/2020\/05\/11\/quienes-cobraran-esta-semana-el-ife\/","title":{"rendered":"\u00bfQui\u00e9nes cobrar\u00e1n esta semana el IFE?"},"content":{"rendered":"<p style=\"text-align: center;\"><em><strong>Contin\u00faa la expectativa acerca del cobro del Ingreso Familiar de Emergencia (IFE). Durante el transcurso de esta semana, se completar\u00e1 el pago para aquellos beneficiarios que optaron por el m\u00e9todo mediante la Clave Bancaria Uniforme (CBU), teniendo en cuenta la terminaci\u00f3n del Documento Nacional de Identidad (DNI). La Administraci\u00f3n Nacional de la Seguridad Social (ANSES), public\u00f3 cronograma de pagos<\/strong><\/em><\/p>\n<p>&nbsp;<\/p>\n<p>El mismo, corresponde al bono extraordinario de $10.000 implementado por el Gobierno nacional como una especia de ayuda social. Su objetivo es el de intentar mitigar el da\u00f1o econ\u00f3mico del coronavirus en el mercado informal. Adem\u00e1s, el organismo nacional contin\u00faa evaluando las solicitudes que, en un primer momento, recibieron la negativa a percibir el beneficio estatal.<\/p>\n<p>Para poder averiguar qu\u00e9 d\u00eda corresponde cobrar este ingreso, es necesario ingresar a la p\u00e1gina web de la ANSES: https:\/\/www.anses.gob.ar\/fecha-de-cobro-beneficio. En ese sentido, a quienes optaron percibir el ingreso por medio de la CBU, les corresponder\u00e1 en los siguientes d\u00edas: DNI terminado en 3, el11 de mayo; DNI terminado en 4, el 12 de mayo; DNI terminado en 5, el 13 de mayo; DNI terminado en 6, el 14 de mayo, DNI terminado en 7, el 15 de mayo; DNI terminado en 8, el 18 de mayo; DNI terminado en 9, el 19 de mayo.<\/p>\n<p>&nbsp;<\/p>\n<p><strong>Red Link y Red Banelco<\/strong><\/p>\n<p>Por otra parte, aquellas personas que decidieron cobrar el IFE por el m\u00e9todo de la Red Link, tendr\u00e1n que estar atentos. Esto se debe a que el Banco de la Naci\u00f3n enviar\u00e1 un c\u00f3digo de la Red Link mediante con el cual se podr\u00e1 proceder a llevar a cabo la extracci\u00f3n sin tarjeta. El d\u00eda correspondiente seg\u00fan terminaci\u00f3n del DNI, los beneficiarios tendr\u00e1n que optar por un cajero que posea la opci\u00f3n \u201cPunto efectivo\u201d.<\/p>\n<p>Luego, tendr\u00e1 que elegir la opci\u00f3n \u201cOperar sin tarjeta\u201d, ingresar el c\u00f3digo enviado al celular; completar con el n\u00famero de DNI y registrar el monto a retirar, es decir, $10.000. Los d\u00edas previsto son los siguientes: DNI terminado en 1, 8 y 11 de mayo; DNI terminado en 2, 12 y 13 de mayo; DNI terminado en 3, 14 y 15 de mayo; DNI terminado en 4, 18 y 19 de mayo; DNI terminado en 5, 20 y 21 de mayo; DNI terminado en 6, 22 y 26 de mayo; DNI terminado en 7, 27 y 28 de mayo; DNI terminado en 8, 29 de mayo y 1 de junio; DNI terminado en 9, 2 y 3 de junio.<\/p>\n<p>Para finalizar, en lo que hace a la fecha correspondiente para el cobro del bono del IFE por medio de la Red Banelco, tambi\u00e9n quedaron definidas las fechas. DNI terminado en 3, el 11 de mayo; DNI terminado en 4, el 12 de mayo; DNI terminado en 5, el 13 de mayo; DNI terminado en 6, el 14 de mayo; DNI terminado en 7, el 15 de mayo; DNI terminado en 8, el 18 de mayo; DNI terminado en 9, el 19 de mayo.<\/p>\n","protected":false},"excerpt":{"rendered":"<p>Contin\u00faa la expectativa acerca del cobro del Ingreso Familiar de Emergencia (IFE). Durante el transcurso de esta semana, se completar\u00e1 el pago para aquellos beneficiarios que optaron por el m\u00e9todo mediante la Clave Bancaria Uniforme (CBU), teniendo en cuenta la terminaci\u00f3n del Documento Nacional de Identidad (DNI). La Administraci\u00f3n Nacional de la Seguridad Social (ANSES), public\u00f3 cronograma de pagos &nbsp; El mismo, corresponde al bono extraordinario de $10.000 implementado por el Gobierno nacional como una especia de ayuda social. Su objetivo es el de intentar mitigar el da\u00f1o econ\u00f3mico del&#8230;<\/p>\n","protected":false},"author":3,"featured_media":61182,"comment_status":"closed","ping_status":"closed","sticky":false,"template":"","format":"standard","meta":[],"categories":[2],"tags":[],"_links":{"self":[{"href":"https:\/\/www.actualidadadiario.com\/index.php\/wp-json\/wp\/v2\/posts\/61181"}],"collection":[{"href":"https:\/\/www.actualidadadiario.com\/index.php\/wp-json\/wp\/v2\/posts"}],"about":[{"href":"https:\/\/www.actualidadadiario.com\/index.php\/wp-json\/wp\/v2\/types\/post"}],"author":[{"embeddable":true,"href":"https:\/\/www.actualidadadiario.com\/index.php\/wp-json\/wp\/v2\/users\/3"}],"replies":[{"embeddable":true,"href":"https:\/\/www.actualidadadiario.com\/index.php\/wp-json\/wp\/v2\/comments?post=61181"}],"version-history":[{"count":1,"href":"https:\/\/www.actualidadadiario.com\/index.php\/wp-json\/wp\/v2\/posts\/61181\/revisions"}],"predecessor-version":[{"id":61183,"href":"https:\/\/www.actualidadadiario.com\/index.php\/wp-json\/wp\/v2\/posts\/61181\/revisions\/61183"}],"wp:featuredmedia":[{"embeddable":true,"href":"https:\/\/www.actualidadadiario.com\/index.php\/wp-json\/wp\/v2\/media\/61182"}],"wp:attachment":[{"href":"https:\/\/www.actualidadadiario.com\/index.php\/wp-json\/wp\/v2\/media?parent=61181"}],"wp:term":[{"taxonomy":"category","embeddable":true,"href":"https:\/\/www.actualidadadiario.com\/index.php\/wp-json\/wp\/v2\/categories?post=61181"},{"taxonomy":"post_tag","embeddable":true,"href":"https:\/\/www.actualidadadiario.com\/index.php\/wp-json\/wp\/v2\/tags?post=61181"}],"curies":[{"name":"wp","href":"https:\/\/api.w.org\/{rel}","templated":true}]}}