{"id":61173,"date":"2020-05-11T12:54:58","date_gmt":"2020-05-11T15:54:58","guid":{"rendered":"https:\/\/www.actualidadadiario.com\/?p=61173"},"modified":"2020-05-11T12:54:58","modified_gmt":"2020-05-11T15:54:58","slug":"indec-dara-a-conocer-esta-semana-la-inflacion-de-abril-mes-marcado-por-la-cuarentena","status":"publish","type":"post","link":"https:\/\/www.actualidadadiario.com\/index.php\/2020\/05\/11\/indec-dara-a-conocer-esta-semana-la-inflacion-de-abril-mes-marcado-por-la-cuarentena\/","title":{"rendered":"INDEC dar\u00e1 a conocer esta semana la inflaci\u00f3n de abril, mes marcado por la cuarentena"},"content":{"rendered":"<p style=\"text-align: center;\"><em><strong>En el marco del parate econ\u00f3mico a ra\u00edz de la expansi\u00f3n del coronavirus, el organismo oficial informar\u00e1 la cifra este jueves<\/strong><\/em><\/p>\n<p>&nbsp;<\/p>\n<p>&nbsp;<\/p>\n<p>El Instituto Nacional de Estad\u00edstica y Censos (Indec) dar\u00e1 a conocer el jueves la variaci\u00f3n que registr\u00f3 el \u00edndice de precios al consumidor durante el mes de abril, que seg\u00fan las estimaciones privadas se habr\u00eda ubicado por encima del 2%.<\/p>\n<p>El viernes pasado, en base a los resultados del Relevamiento de Expectativas del Mercado (REM) ralizado por el Banco Central, la inflaci\u00f3n estimada por diversos agentes del mercado financiero y consultoras dio un promedio de 2,2 en abril.<\/p>\n<p>De cumplirse esa proyecci\u00f3n, la medici\u00f3n mensual marcar\u00eda una disminuci\u00f3n de 1,2 puntos porcentual respecto al mes anterior.<\/p>\n<p>Lo cierto es que la dispersi\u00f3n en las estimaciones en torno a la evoluci\u00f3n de precios registrada en abril fue muy amplia entre las consultoras. Un ejemplo de esto son los n\u00fameros anticipados por Orlando Ferreres, que calcul\u00f3 un alza de precios del 0,8%.<\/p>\n<p>En la otra punta, la consultora Ecolatina estim\u00f3 que abril cerr\u00f3 con una suba de 3,7%.<\/p>\n<p>En medio de ambas mediciones, la consultora EcoGo, estim\u00f3 un aumento de precios en torno al 1,7%, y la consultora Seido proyect\u00f3 una inflaci\u00f3n de 1,5% mensual para abril.<\/p>\n<p>En marzo, luego de tocar su nivel m\u00ednimo desde enero de 2018, la inflaci\u00f3n volvi\u00f3 a trepar impulsada por los rubros Educaci\u00f3n y Alimentos, y se aceler\u00f3 al 3,3%.<\/p>\n<p>INDEC explic\u00f3 que introdujo algunas modificaciones en su relevamiento debido a las restricciones para hacer trabajo de campo debido al aislamiento obligatorio decretado por el Gobierno.<\/p>\n<p>&#8220;Si bien la metodolog\u00eda del IPC contempla el tratamiento de los precios faltantes y no observados, se avanz\u00f3 intensa y anticipadamente en la captura de datos y an\u00e1lisis de relevamiento por v\u00edas no presenciales tales como la consulta telef\u00f3nica, el correo electr\u00f3nico y la modalidad online con los informantes que habitualmente utilizan estos medios para comunicarnos sus precios y cuyos valores no dependen del d\u00eda de relevamiento&#8221;, aclar\u00f3 el instituto de estad\u00edsticas oficiales.<\/p>\n","protected":false},"excerpt":{"rendered":"<p>En el marco del parate econ\u00f3mico a ra\u00edz de la expansi\u00f3n del coronavirus, el organismo oficial informar\u00e1 la cifra este jueves &nbsp; &nbsp; El Instituto Nacional de Estad\u00edstica y Censos (Indec) dar\u00e1 a conocer el jueves la variaci\u00f3n que registr\u00f3 el \u00edndice de precios al consumidor durante el mes de abril, que seg\u00fan las estimaciones privadas se habr\u00eda ubicado por encima del 2%. El viernes pasado, en base a los resultados del Relevamiento de Expectativas del Mercado (REM) ralizado por el Banco Central, la inflaci\u00f3n estimada por diversos agentes del&#8230;<\/p>\n","protected":false},"author":3,"featured_media":60213,"comment_status":"closed","ping_status":"closed","sticky":false,"template":"","format":"standard","meta":[],"categories":[2],"tags":[],"_links":{"self":[{"href":"https:\/\/www.actualidadadiario.com\/index.php\/wp-json\/wp\/v2\/posts\/61173"}],"collection":[{"href":"https:\/\/www.actualidadadiario.com\/index.php\/wp-json\/wp\/v2\/posts"}],"about":[{"href":"https:\/\/www.actualidadadiario.com\/index.php\/wp-json\/wp\/v2\/types\/post"}],"author":[{"embeddable":true,"href":"https:\/\/www.actualidadadiario.com\/index.php\/wp-json\/wp\/v2\/users\/3"}],"replies":[{"embeddable":true,"href":"https:\/\/www.actualidadadiario.com\/index.php\/wp-json\/wp\/v2\/comments?post=61173"}],"version-history":[{"count":1,"href":"https:\/\/www.actualidadadiario.com\/index.php\/wp-json\/wp\/v2\/posts\/61173\/revisions"}],"predecessor-version":[{"id":61174,"href":"https:\/\/www.actualidadadiario.com\/index.php\/wp-json\/wp\/v2\/posts\/61173\/revisions\/61174"}],"wp:featuredmedia":[{"embeddable":true,"href":"https:\/\/www.actualidadadiario.com\/index.php\/wp-json\/wp\/v2\/media\/60213"}],"wp:attachment":[{"href":"https:\/\/www.actualidadadiario.com\/index.php\/wp-json\/wp\/v2\/media?parent=61173"}],"wp:term":[{"taxonomy":"category","embeddable":true,"href":"https:\/\/www.actualidadadiario.com\/index.php\/wp-json\/wp\/v2\/categories?post=61173"},{"taxonomy":"post_tag","embeddable":true,"href":"https:\/\/www.actualidadadiario.com\/index.php\/wp-json\/wp\/v2\/tags?post=61173"}],"curies":[{"name":"wp","href":"https:\/\/api.w.org\/{rel}","templated":true}]}}