{"id":61166,"date":"2020-05-11T12:52:46","date_gmt":"2020-05-11T15:52:46","guid":{"rendered":"https:\/\/www.actualidadadiario.com\/?p=61166"},"modified":"2020-05-11T12:52:46","modified_gmt":"2020-05-11T15:52:46","slug":"es-tiempo-de-evidencia-cientifica-no-de-rumores","status":"publish","type":"post","link":"https:\/\/www.actualidadadiario.com\/index.php\/2020\/05\/11\/es-tiempo-de-evidencia-cientifica-no-de-rumores\/","title":{"rendered":"&#8220;Es tiempo de evidencia cient\u00edfica, no de rumores&#8221;"},"content":{"rendered":"<p style=\"text-align: center;\"><em><strong>El mandatario destac\u00f3 el &#8220;esfuerzo colectivo&#8221; ante la pandemia y asegur\u00f3 que los argentinos y argentinas &#8220;hemos hecho un contrato para cuidarnos&#8221;. Sobre la nueva etapa del aislamiento, advirti\u00f3: &#8220;Si cumplimos, podremos seguir avanzando. Si hay incumplimiento, deberemos retroceder&#8221;. Volvi\u00f3 a criticar a quienes piden levantar la cuarentena<\/strong><\/em><\/p>\n<p>&nbsp;<\/p>\n<p>&nbsp;<\/p>\n<p>El presidente Alberto Fern\u00e1ndez public\u00f3 una carta que comparti\u00f3 desde sus redes sociales en la que llama a &#8220;cuidar lo conseguido&#8221; tras casi dos meses de cuarentena por la pandemia de coronavirus. &#8220;Es tiempo de cuidados, no de temores infundados. Es tiempo de evidencia cient\u00edfica, no de rumores. Es tiempo de solidaridad, no de estigmas&#8221;, asegur\u00f3.<\/p>\n<p>El mandatario plante\u00f3 que hay un acuerdo &#8220;que hemos construido los argentinos: cuidar a todos, a todas y a todes&#8221;. &#8220;Un d\u00eda, cuando esta situaci\u00f3n haya pasado y recuperemos todos los aspectos de nuestra vida, podremos celebrar los logros que hayamos alcanzado como sociedad&#8221;, asegur\u00f3.<\/p>\n<p>En su carta, Fern\u00e1ndez apunt\u00f3 contra los &#8220;voceros de la apertura econ\u00f3mica&#8221;, a quienes acus\u00f3 de presionar &#8220;con cualquier argumento para ponerle fin a la cuarentena&#8221;. Dijo que esa decisi\u00f3n en otros pa\u00edses del mundo &#8220;en realidad, solo ha servido a aumentar el contagio y las muertes, sin evitar el deterioro econ\u00f3mico&#8221;.<\/p>\n<p>&#8220;No hay pa\u00eds capaz de impedir la entrada y la expansi\u00f3n del virus. Ya los contagiados se cuentan en millones y los fallecidos en cientos de miles. Adem\u00e1s, se est\u00e1n produciendo consecuencias gigantescas en la econom\u00eda global. Este a\u00f1o habr\u00e1 una enorme ca\u00edda de la producci\u00f3n, muchas empresas pierden valor en d\u00edas o semanas, se han destruido millones de puestos de trabajo y ha bajado intensamente el consumo&#8221;, plante\u00f3 el Presidente.<\/p>\n<p>Sobre la nueva fase de la cuarentena en la Argentina, Fern\u00e1ndez celebr\u00f3 que &#8220;podemos iniciar una apertura progresiva, cuidadosa y responsable&#8221; y dijo que &#8220;cada semana podremos ir sumando algunas actividades comerciales, productivas o de servicios para ir activando la econom\u00eda&#8221;.<\/p>\n<p>Al mismo tiempo, advirti\u00f3 que &#8220;es clave respetar las normas de distanciamiento social y continuar con el h\u00e1bito de lavarnos las manos, evitar tocarnos la cara, usar barbijos cuando salimos, ventilar ambientes y comunicarse por tel\u00e9fono con un m\u00e9dico o una autoridad sanitaria si tenemos s\u00edntomas&#8221;.<\/p>\n<p>&#8220;Todos y todas somos responsables del cuidado y cada paso que demos depende de cada uno y cada una. Si cumplimos, podremos seguir avanzando. Si hay incumplimiento, deberemos retroceder&#8221;, advirti\u00f3 Fern\u00e1ndez.<\/p>\n<p>&nbsp;<\/p>\n<p><strong>La carta completa del Presidente<\/strong><\/p>\n<p><em>Queridos argentinos, queridas argentinas<\/em><\/p>\n<p><em>Quiero reiterar mi agradecimiento a cada uno y cada una de ustedes por lo que hemos logrado unidos en estas semanas. Soy muy consciente de que es un esfuerzo colectivo y conozco las dificultades que genera la pandemia en las familias y en cada persona. Todos extra\u00f1amos mucho a nuestros seres queridos.<\/em><\/p>\n<p><em>\u00a0<\/em><\/p>\n<p><em>Los argentinos y las argentinas hemos hecho un contrato para cuidarnos. Un contrato para que el impacto de la pandemia sea compatible con nuestro sistema de salud. Ese fue el objetivo que siempre nos propusimos para salvar vidas. Por eso desde el primer d\u00eda de la cuarentena hemos trabajado para construir nuevos hospitales, preparar camas de aislamiento y contar con los insumos cr\u00edticos necesarios. Hemos avanzado mucho y seguimos trabajando.<\/em><\/p>\n<p><em>\u00a0<\/em><\/p>\n<p><em>Tambi\u00e9n desde el primer d\u00eda hemos tomado medidas para mitigar el impacto econ\u00f3mico y social de la pandemia. Soy muy consciente de esa realidad y expliqu\u00e9 la situaci\u00f3n que ten\u00edamos cuando asum\u00ed. Y sabemos c\u00f3mo se agrava ahora la crisis econ\u00f3mica en todo el mundo. Por eso hemos tomado medidas econ\u00f3micas dirigidas a apoyar a todas las familias, a los m\u00e1s vulnerables, a los trabajadores, a los monotributistas y tambi\u00e9n a las pymes. El Estado est\u00e1 presente, acompa\u00f1ando y cuidando a todos los argentinos.<\/em><\/p>\n<p><em>\u00a0<\/em><\/p>\n<p><em>Desde que comenz\u00f3 la cuarentena, hace m\u00e1s de 50 d\u00edas, hemos hecho un gran trabajo colectivo y hemos obtenido los primeros logros. El m\u00e1s importante es haber podido reducir la velocidad del contagio. Ahora debemos cuidar esos logros.<\/em><\/p>\n<p><em>\u00a0<\/em><\/p>\n<p><em>Para saber cu\u00e1l es la situaci\u00f3n hay un par\u00e1metro muy importante: saber cu\u00e1ntos d\u00edas demora en duplicarse la cantidad de casos. Cuando iniciamos la cuarentena, la cantidad total de casos en el pa\u00eds se duplicaba cada 3,3 d\u00edas. Hoy, a nivel nacional, hemos logrado que se dupliquen los casos cada 25 d\u00edas. M\u00e1s de dos tercios de los nuevos casos son en el \u00c1rea Metropolitana de Buenos Aires.<\/em><\/p>\n<p><em>\u00a0<\/em><\/p>\n<p><em>En los \u00faltimos d\u00edas hemos visto y escuchado a voceros de la apertura econ\u00f3mica presionando con cualquier argumento para ponerle fin a la cuarentena, una medida que se ha tomado en much\u00edsimos pa\u00edses del mundo. Pero ninguno ha logrado jam\u00e1s demostrar que el fin del aislamiento haya servido a la econom\u00eda. Porque, en realidad, solo ha servido a aumentar el contagio y las muertes, sin evitar el deterioro econ\u00f3mico.<\/em><\/p>\n<p><em>\u00a0<\/em><\/p>\n<p><em>Para tomar noci\u00f3n basta con mirar lo que ocurre en el mundo. La pandemia tiene caracter\u00edsticas inusitadas. No hay pa\u00eds capaz de impedir la entrada y la expansi\u00f3n del virus. Ya los contagiados se cuentan en millones y los fallecidos en cientos de miles. Adem\u00e1s, se est\u00e1n produciendo consecuencias gigantescas en la econom\u00eda global. Este a\u00f1o habr\u00e1 una enorme ca\u00edda de la producci\u00f3n, muchas empresas pierden valor en d\u00edas o semanas, se han destruido millones de puestos de trabajo y ha bajado intensamente el consumo.<\/em><\/p>\n<p><em>\u00a0<\/em><\/p>\n<p><em>El mundo ya no ser\u00e1 igual. Pero, a pesar de la incertidumbre, tenemos una certeza: sabemos que ha fracasado un modelo basado en la especulaci\u00f3n financiera global. Un modelo que desprecia a la producci\u00f3n real, a los seres humanos y al medio ambiente. Sabemos que tambi\u00e9n ha fracasado el menosprecio por lo p\u00fablico y por estados preparados para proteger a sus ciudadanos. Estamos convencidos de que en el mundo por venir deber\u00e1n estar en el centro los seres humanos, la justicia y la igualdad.<\/em><\/p>\n<p><em>\u00a0<\/em><\/p>\n<p><em>Un d\u00eda, cuando esta situaci\u00f3n haya pasado y recuperemos todos los aspectos de nuestra vida, podremos celebrar los logros que hayamos alcanzado como sociedad. Y tambi\u00e9n habremos aprendido nuevos h\u00e1bitos de cuidado y de salud. En ese momento, recordaremos esta crisis inmensa, quiz\u00e1s m\u00e1s que otras que nos han tocado vivir. Pero atravesar la crisis es el momento m\u00e1s dif\u00edcil. No solo por las restricciones econ\u00f3micas y de movilidad o por los temores por la salud de nuestra gente. Es el momento m\u00e1s dif\u00edcil porque cuesta mucho ver que finalmente nos vamos a reponer, vamos a salir, todos juntos y m\u00e1s fuertes que antes.<\/em><\/p>\n<p><em>\u00a0<\/em><\/p>\n<p><em>Ahora entramos en una nueva etapa de nuestro plan. Hay restricciones que contin\u00faan vigentes en todo el pa\u00eds, pero podemos iniciar una apertura progresiva, cuidadosa y responsable. Cuidadosa porque iremos paso a paso, de modo paulatino. Cada semana podremos ir sumando algunas actividades comerciales, productivas o de servicios para ir activando la econom\u00eda. Y es responsable porque las salidas siguen siendo exclusivamente para las actividades autorizadas.<\/em><\/p>\n<p><em>Cuando una persona sale a la calle hoy, sale a una calle donde est\u00e1 presente el virus. Para ser m\u00e1s claro: salir a la calle es salir a buscar el virus. Todo ha cambiado desde inicios de marzo y debemos prepararnos para aprender a convivir con \u00e9l.<\/em><\/p>\n<p><em>\u00a0<\/em><\/p>\n<p><em>Aprender a convivir con el virus significa que antes de construir una nueva vida cotidiana sin las restricciones actuales, necesitamos fortalecer la prevenci\u00f3n para evitar el contagio. Por eso, es clave respetar las normas de distanciamiento social y continuar con el h\u00e1bito de lavarnos las manos, evitar tocarnos la cara, usar barbijos cuando salimos, ventilar ambientes y comunicarse por tel\u00e9fono con un m\u00e9dico o una autoridad sanitaria si tenemos s\u00edntomas. Esto \u00faltimo es muy importante para no producir aglomeraci\u00f3n en los hospitales.<\/em><\/p>\n<p><em>\u00a0<\/em><\/p>\n<p><em>Todos y todas somos responsables del cuidado y cada paso que demos depende de cada uno y cada una. Si cumplimos, podremos seguir avanzando. Si hay incumplimiento, deberemos retroceder.<\/em><\/p>\n<p><em>\u00a0<\/em><\/p>\n<p><em>Cada actividad que se reinicie debe redise\u00f1arse con criterios sanitarios. Cada persona que se reintegre a la actividad laboral o social deber\u00e1 extremar los cuidados, tanto al salir de su casa como en la calle, en el trabajo y al regresar a su hogar.<\/em><\/p>\n<p><em>\u00a0<\/em><\/p>\n<p><em>Debemos hacer todo lo posible para evitar el transporte p\u00fablico. Todas las personas que deban desplazarse y puedan hacerlo en su propio medio de transporte estar\u00e1n menos expuestas al virus. Por eso, las grandes empresas tendr\u00e1n que asegurar por sus propios medios el desplazamiento de sus empleados.<\/em><\/p>\n<p><em>\u00a0<\/em><\/p>\n<p><em>Cada jurisdicci\u00f3n tendr\u00e1 que habilitar y fiscalizar estos nuevos procesos productivos. Los grandes centros urbanos tendr\u00e1n que reorganizar los horarios para evitar aglomeraciones.<\/em><\/p>\n<p><em>\u00a0<\/em><\/p>\n<p><em>El Gobierno nacional tiene la capacidad de monitoreo de los casos en todas las provincias y municipios del pa\u00eds, y vamos a fortalecer los mecanismos de control epidemiol\u00f3gico. All\u00ed donde debamos cerrar la actividad, no tendremos dudas en hacerlo.<\/em><\/p>\n<p><em>\u00a0<\/em><\/p>\n<p><em>No ser\u00e1 un camino lineal hacia la reapertura. La experiencia internacional indica que en algunas ciudades, establecimientos o instituciones donde hoy no hay contagio, puede haberlo en el futuro. Sabemos que tendremos m\u00e1s casos y que se acerca el invierno, que es cuando crecen las enfermedades respiratorias.<\/em><\/p>\n<p><em>\u00a0<\/em><\/p>\n<p><em>Ante situaciones de contagio, hay que ocuparse r\u00e1pidamente de cada caso, se trate de una localidad, una instituci\u00f3n o un barrio. Hay que seguir las recomendaciones de aislar a las personas contagiadas y a sus contactos.<\/em><\/p>\n<p><em>\u00a0<\/em><\/p>\n<p><em>Nadie quer\u00eda vivir este tiempo doloroso, pero no nos queda m\u00e1s remedio que convivir con el virus. Por eso, lo que iniciamos es un proceso din\u00e1mico donde habr\u00e1 que reducir y a veces incrementar las medidas de cuarentena.<\/em><\/p>\n<p><em>\u00a0<\/em><\/p>\n<p><em>Este es el nuevo desaf\u00edo que nos pone a prueba como sociedad.<\/em><\/p>\n<p><em>\u00a0<\/em><\/p>\n<p><em>Es tiempo de cuidados, no de temores infundados. Es tiempo de evidencia cient\u00edfica, no de rumores. Es tiempo de solidaridad, no de estigmas.<\/em><\/p>\n<p><em>\u00a0<\/em><\/p>\n<p><em>Este es un acuerdo que hemos construido los argentinos: cuidar a todos, a todas y a todes.<\/em><\/p>\n<p><em>\u00a0<\/em><\/p>\n<p><em>Nadie se salva solo. De esta situaci\u00f3n saldremos juntos.<\/em><\/p>\n<p><em>\u00a0<\/em><\/p>\n<p><em>Cuento con ustedes. Ustedes cuenten conmigo.<\/em><\/p>\n","protected":false},"excerpt":{"rendered":"<p>El mandatario destac\u00f3 el &#8220;esfuerzo colectivo&#8221; ante la pandemia y asegur\u00f3 que los argentinos y argentinas &#8220;hemos hecho un contrato para cuidarnos&#8221;. Sobre la nueva etapa del aislamiento, advirti\u00f3: &#8220;Si cumplimos, podremos seguir avanzando. Si hay incumplimiento, deberemos retroceder&#8221;. Volvi\u00f3 a criticar a quienes piden levantar la cuarentena &nbsp; &nbsp; El presidente Alberto Fern\u00e1ndez public\u00f3 una carta que comparti\u00f3 desde sus redes sociales en la que llama a &#8220;cuidar lo conseguido&#8221; tras casi dos meses de cuarentena por la pandemia de coronavirus. &#8220;Es tiempo de cuidados, no de temores infundados&#8230;.<\/p>\n","protected":false},"author":3,"featured_media":61167,"comment_status":"closed","ping_status":"closed","sticky":false,"template":"","format":"standard","meta":[],"categories":[9],"tags":[],"_links":{"self":[{"href":"https:\/\/www.actualidadadiario.com\/index.php\/wp-json\/wp\/v2\/posts\/61166"}],"collection":[{"href":"https:\/\/www.actualidadadiario.com\/index.php\/wp-json\/wp\/v2\/posts"}],"about":[{"href":"https:\/\/www.actualidadadiario.com\/index.php\/wp-json\/wp\/v2\/types\/post"}],"author":[{"embeddable":true,"href":"https:\/\/www.actualidadadiario.com\/index.php\/wp-json\/wp\/v2\/users\/3"}],"replies":[{"embeddable":true,"href":"https:\/\/www.actualidadadiario.com\/index.php\/wp-json\/wp\/v2\/comments?post=61166"}],"version-history":[{"count":1,"href":"https:\/\/www.actualidadadiario.com\/index.php\/wp-json\/wp\/v2\/posts\/61166\/revisions"}],"predecessor-version":[{"id":61168,"href":"https:\/\/www.actualidadadiario.com\/index.php\/wp-json\/wp\/v2\/posts\/61166\/revisions\/61168"}],"wp:featuredmedia":[{"embeddable":true,"href":"https:\/\/www.actualidadadiario.com\/index.php\/wp-json\/wp\/v2\/media\/61167"}],"wp:attachment":[{"href":"https:\/\/www.actualidadadiario.com\/index.php\/wp-json\/wp\/v2\/media?parent=61166"}],"wp:term":[{"taxonomy":"category","embeddable":true,"href":"https:\/\/www.actualidadadiario.com\/index.php\/wp-json\/wp\/v2\/categories?post=61166"},{"taxonomy":"post_tag","embeddable":true,"href":"https:\/\/www.actualidadadiario.com\/index.php\/wp-json\/wp\/v2\/tags?post=61166"}],"curies":[{"name":"wp","href":"https:\/\/api.w.org\/{rel}","templated":true}]}}