{"id":61163,"date":"2020-05-11T12:51:53","date_gmt":"2020-05-11T15:51:53","guid":{"rendered":"https:\/\/www.actualidadadiario.com\/?p=61163"},"modified":"2020-05-11T12:51:53","modified_gmt":"2020-05-11T15:51:53","slug":"the-guardian-destaca-el-modelo-argentino-frente-al-virus-y-lo-contrapone-a-la-crisis-sanitaria-de-brasil","status":"publish","type":"post","link":"https:\/\/www.actualidadadiario.com\/index.php\/2020\/05\/11\/the-guardian-destaca-el-modelo-argentino-frente-al-virus-y-lo-contrapone-a-la-crisis-sanitaria-de-brasil\/","title":{"rendered":"The Guardian destaca el modelo argentino frente al virus y lo contrapone a la crisis sanitaria de Brasil"},"content":{"rendered":"<p style=\"text-align: center;\"><em><strong>Compara las decisiones de Alberto con las de Jair Bolsonaro, a quien atribuye &#8220;una actitud despectiva&#8221; que deriv\u00f3 en &#8220;un devastador brote de coronavirus&#8221;<\/strong><\/em><\/p>\n<p>&nbsp;<\/p>\n<p>&nbsp;<\/p>\n<p>El diario brit\u00e1nico The Guardian public\u00f3 ayer un extenso art\u00edculo en el que ponder\u00f3 las medidas adoptadas por Alberto Fern\u00e1ndez en la lucha contra el civid-19 y las contrapuso con las medidas de Jail Bolsonaro en Brasil, donde ya se super\u00f3 la cifra de 10.000 muertos y m\u00e1s de 140 mil contagios.<\/p>\n<p>&#8220;No te pod\u00e9s recuperar de la muerte: la respuesta de la Argentina al Covid-19 ha sido opuesta a la de Brasil&#8221;, se titula el art\u00edculo que lleva la firma de los corresponsables en Argentina y Brasil del diario ingl\u00e9s. No es el primer caso en el que utilizan a la Argentina como modelo a seguir en el enfoque contra la pandemia. Lo mismo ocurre en Chile, donde el manejo del presidente Pi\u00f1era sobre la base de cuarentenas &#8220;flexibles&#8221; parece haber disparado la cantidad de casos, aunque muy por debajo de Brasil.<\/p>\n<p>La nota de The Guardian comienza con las cr\u00edticas de Bolsonaro durante los d\u00edas de asunci\u00f3n del gobierno de Fern\u00e1ndez y Cristina Kirchner. Y recuerda que a principios de diciembre, el jefe de Estado brasile\u00f1o calificaba como &#8220;bandidos de izquierda&#8221; al presidente y su vicepresidenta.<\/p>\n<p>The Guardian destaca que cinco meses despu\u00e9s de ese momento, es Brasil el que se dirige hacia una &#8220;emergencia humanitaria&#8221;, en medio de un devastador brote de coronavirus &#8220;impulsado por la actitud despectiva de Bolsonaro hacia la pandemia&#8221;.<\/p>\n<p>El diario ingl\u00e9s sostiene que el presidente brasile\u00f1o minimiz\u00f3 la crisis y la calific\u00f3 como &#8220;histeria&#8221; de los medios. Adem\u00e1s, rechaz\u00f3 -dice- repetidamente las recomendaciones de distanciamiento social de su propio gobierno, incluso cuando la cifra de muertos se dispararon.<\/p>\n<p>Por el contrario, dice el hist\u00f3rico medio brit\u00e1nico, Argentina impuso r\u00e1pidamente un bloqueo nacional y parece haber aplanado con \u00e9xito la curva de contagio. Adem\u00e1s record\u00f3 la frase de Alberto Fern\u00e1ndez: &#8220;Nos podemos recuperar de la ca\u00edda del PBI, pero no podemos recuperarnos de la muerte&#8221;.<\/p>\n<p>El art\u00edculo recuerda que el alcalde de la ciudad brasile\u00f1a de Manaos, Arthur Virg\u00edlio, observ\u00f3 con horror c\u00f3mo Fern\u00e1ndez y su vice llegaban al poder en diciembre. &#8220;Representan todo lo que lamentamos tanto en el mundo de hoy&#8221;, dec\u00eda por entonces el derechista de 74 a\u00f1os.<\/p>\n<p>Seg\u00fan el medio, ahora, Virg\u00edlio mira con admiraci\u00f3n a Argentina. &#8220;Los resultados son resultados&#8221;, dijo el alcalde, elogiando a Fern\u00e1ndez por tomar &#8220;la \u00fanica opci\u00f3n sab\u00eda que cualquier pa\u00eds puede tomar&#8230; que es el aislamiento social determinado&#8221;.<\/p>\n<p>Las cr\u00f3nicas de Brasil mostraron a principios de mayo a Virg\u00edlio con l\u00e1grimas en los ojos pidi\u00e9ndole a Bolsonaro que avance con el aislamiento. Esa ciudad del Amazonas es hoy uno de los puntos m\u00e1s dram\u00e1ticos de la pandemia en Brasil con sus servicios f\u00fanebres desbordados por la cantidad de muertos.<\/p>\n<p>Destaca tambi\u00e9n The Guardian &#8220;la estrecha coordinaci\u00f3n&#8221; entre el gobierno nacional argentino, los gobernadores y los intendentes para administrar la cuarentena obligatoria y marca como un fuerte &#8220;contraste&#8221; el hecho de que, en cambio, Bolsonaro &#8220;despidi\u00f3 a su ministro de Salud y se enfrent\u00f3 con los gobernadores regionales&#8221;.<\/p>\n<p>Adem\u00e1s, compara: &#8220;Con solo 5611 casos y 293 muertes hasta el momento, contra los casi 136.000 casos de Brasil y m\u00e1s de 9100 muertes, incluso los partidarios ac\u00e9rrimos de Bolsonaro est\u00e1n mirando ahora a su vecino del sur con una mirada envidiosa&#8221;. La nota es anterior a las marcas de este domingo, donde Brasil ya supera los 10.000 muertos y m\u00e1s de 140 mil contagios. De hecho, el diario O Globo, dedic\u00f3 su p\u00e1gina a homenajear a las v\u00edctimas de la pandemia.<\/p>\n<p>Respecto de las pol\u00edticas del gobierno argentino, The Guardian marca una alerta respecto de los barrios m\u00e1s postergados. Destaca la Villa 31 como el m\u00e1s afectado, donde &#8220;unas 45.000 personas habitan hogares improvisados con servicios de agua deficientes&#8221;.<\/p>\n<p>All\u00ed, sostiene, los casos pasaron de solo un pu\u00f1ado a 219 cuando la villa 31 se qued\u00f3 sin agua durante unos 10 d\u00edas por una falla en la planta de agua que solo se resolvi\u00f3 en los \u00faltimos d\u00edas. Este domingo, la Ciudad de Buenos Aires volvi\u00f3 a marcar r\u00e9cord de infectados con 165 contagios.<\/p>\n<p>Uno de los entrevistas por The Guardian es el polit\u00f3logo Andr\u00e9s Malamud -tambi\u00e9n hay declaraciones de Santiago Cafiero y Ofelia Fern\u00e1ndez-. &#8220;Bolsonaro se separ\u00f3 del partido que lo llev\u00f3 al poder, mientras que Fern\u00e1ndez es producto de uno de los movimientos nacionales m\u00e1s duraderos y poderosos de Am\u00e9rica latina&#8221;, remarca Malamud en el art\u00edculo.<\/p>\n","protected":false},"excerpt":{"rendered":"<p>Compara las decisiones de Alberto con las de Jair Bolsonaro, a quien atribuye &#8220;una actitud despectiva&#8221; que deriv\u00f3 en &#8220;un devastador brote de coronavirus&#8221; &nbsp; &nbsp; El diario brit\u00e1nico The Guardian public\u00f3 ayer un extenso art\u00edculo en el que ponder\u00f3 las medidas adoptadas por Alberto Fern\u00e1ndez en la lucha contra el civid-19 y las contrapuso con las medidas de Jail Bolsonaro en Brasil, donde ya se super\u00f3 la cifra de 10.000 muertos y m\u00e1s de 140 mil contagios. &#8220;No te pod\u00e9s recuperar de la muerte: la respuesta de la Argentina&#8230;<\/p>\n","protected":false},"author":3,"featured_media":61164,"comment_status":"closed","ping_status":"closed","sticky":false,"template":"","format":"standard","meta":[],"categories":[9],"tags":[],"_links":{"self":[{"href":"https:\/\/www.actualidadadiario.com\/index.php\/wp-json\/wp\/v2\/posts\/61163"}],"collection":[{"href":"https:\/\/www.actualidadadiario.com\/index.php\/wp-json\/wp\/v2\/posts"}],"about":[{"href":"https:\/\/www.actualidadadiario.com\/index.php\/wp-json\/wp\/v2\/types\/post"}],"author":[{"embeddable":true,"href":"https:\/\/www.actualidadadiario.com\/index.php\/wp-json\/wp\/v2\/users\/3"}],"replies":[{"embeddable":true,"href":"https:\/\/www.actualidadadiario.com\/index.php\/wp-json\/wp\/v2\/comments?post=61163"}],"version-history":[{"count":1,"href":"https:\/\/www.actualidadadiario.com\/index.php\/wp-json\/wp\/v2\/posts\/61163\/revisions"}],"predecessor-version":[{"id":61165,"href":"https:\/\/www.actualidadadiario.com\/index.php\/wp-json\/wp\/v2\/posts\/61163\/revisions\/61165"}],"wp:featuredmedia":[{"embeddable":true,"href":"https:\/\/www.actualidadadiario.com\/index.php\/wp-json\/wp\/v2\/media\/61164"}],"wp:attachment":[{"href":"https:\/\/www.actualidadadiario.com\/index.php\/wp-json\/wp\/v2\/media?parent=61163"}],"wp:term":[{"taxonomy":"category","embeddable":true,"href":"https:\/\/www.actualidadadiario.com\/index.php\/wp-json\/wp\/v2\/categories?post=61163"},{"taxonomy":"post_tag","embeddable":true,"href":"https:\/\/www.actualidadadiario.com\/index.php\/wp-json\/wp\/v2\/tags?post=61163"}],"curies":[{"name":"wp","href":"https:\/\/api.w.org\/{rel}","templated":true}]}}