{"id":61158,"date":"2020-05-11T12:50:19","date_gmt":"2020-05-11T15:50:19","guid":{"rendered":"https:\/\/www.actualidadadiario.com\/?p=61158"},"modified":"2020-05-11T12:50:19","modified_gmt":"2020-05-11T15:50:19","slug":"desde-este-lunes-los-federaenses-pueden-realizar-caminatas-recreativas-y-terapeuticas","status":"publish","type":"post","link":"https:\/\/www.actualidadadiario.com\/index.php\/2020\/05\/11\/desde-este-lunes-los-federaenses-pueden-realizar-caminatas-recreativas-y-terapeuticas\/","title":{"rendered":"Desde este lunes los federaenses pueden realizar caminatas recreativas y terap\u00e9uticas"},"content":{"rendered":"<p style=\"text-align: center;\"><em><strong>A partir de este lunes 11 de mayo, el Municipio de Federaci\u00f3n permitir\u00e1 las caminatas recreativas y terap\u00e9uticas en la ciudad<\/strong><\/em><\/p>\n<p>&nbsp;<\/p>\n<p>Los vecinos deber\u00e1n respetar un estricto protocolo de bioseguridad que incluye, entre otras cuestiones, lugares habilitados y un cronograma por franja etaria para la realizaci\u00f3n de las actividades. Adem\u00e1s, se proh\u00edbe trotar y\/o correr.<\/p>\n<p>&nbsp;<\/p>\n<p><strong>Protocolo para caminatas recreativas y terap\u00e9uticas <\/strong><\/p>\n<ul>\n<li>LUGAR RECOMENDADO: \u201cSECTOR COSTANERA\u201d<\/li>\n<li>Lugares habilitados: Comprender\u00eda desde Bici senda (Barrio San Cayetano) hasta Calle Domingo Per\u00f3n y San Lorenzo (comienzo circuito aer\u00f3bico).<\/li>\n<li>Barbijo Adultos (obligatorio) \u2013 Ni\u00f1o (opcional).<\/li>\n<li>Llevar botella de Agua Individual.<\/li>\n<li>Prohibido realizar ejercicios y\/o ocupar aparatos del Circuito Aer\u00f3bico.<\/li>\n<li>Est\u00e1 totalmente prohibido trotar, correr (Pedestrismo).<\/li>\n<li>Prohibido utilizar parque de juegos y\/o tomar mates, entre otros, que formen aglomeraci\u00f3n de personas.<\/li>\n<li>IMPORTANTE: la caminata solo debe ser de 1(una) hora reloj.<\/li>\n<\/ul>\n<p>&nbsp;<\/p>\n<p><strong>Servicio<\/strong><\/p>\n<ul>\n<li>Direcci\u00f3n de Deportes control Zona Costanera 4 (CUATRO) puesto fijo \u2013 2 (DOS) puestos m\u00f3viles.<\/li>\n<li>Se realizara control, utilizando las c\u00e1maras de vigilancia de la ciudad.-<\/li>\n<li>En caso de no utilizar la Costanera. Solo podr\u00e1 hacerlo a 500 metros de su domicilio decretado a nivel Nacional, Provincial y Municipal.-<\/li>\n<li>El Personal a cargo del Control, tiene la facultad y el derecho de hacer cumplir el protocolo vigente. Debiendo informar la persona que as\u00ed no lo efectu\u00e9.<\/li>\n<\/ul>\n<p>&nbsp;<\/p>\n<p><strong>D\u00edas y horarios:<\/strong><\/p>\n<ul>\n<li>LUNES \u2013 MIERCOLES \u2013 VIERNES \/ 13:00HS A 16:00hs<\/li>\n<\/ul>\n<p>Ni\u00f1os\/as (de 2 a 12 a\u00f1os), acompa\u00f1ada por un adulto.<\/p>\n<ul>\n<li>MARTES \u2013 JUEVES \u2013 SABADO \/ 13:00HS A 16:00HS<\/li>\n<\/ul>\n<p>Adolescentes y Adultos.<\/p>\n","protected":false},"excerpt":{"rendered":"<p>A partir de este lunes 11 de mayo, el Municipio de Federaci\u00f3n permitir\u00e1 las caminatas recreativas y terap\u00e9uticas en la ciudad &nbsp; Los vecinos deber\u00e1n respetar un estricto protocolo de bioseguridad que incluye, entre otras cuestiones, lugares habilitados y un cronograma por franja etaria para la realizaci\u00f3n de las actividades. Adem\u00e1s, se proh\u00edbe trotar y\/o correr. &nbsp; Protocolo para caminatas recreativas y terap\u00e9uticas LUGAR RECOMENDADO: \u201cSECTOR COSTANERA\u201d Lugares habilitados: Comprender\u00eda desde Bici senda (Barrio San Cayetano) hasta Calle Domingo Per\u00f3n y San Lorenzo (comienzo circuito aer\u00f3bico). Barbijo Adultos (obligatorio) \u2013&#8230;<\/p>\n","protected":false},"author":3,"featured_media":61159,"comment_status":"closed","ping_status":"closed","sticky":false,"template":"","format":"standard","meta":[],"categories":[15],"tags":[],"_links":{"self":[{"href":"https:\/\/www.actualidadadiario.com\/index.php\/wp-json\/wp\/v2\/posts\/61158"}],"collection":[{"href":"https:\/\/www.actualidadadiario.com\/index.php\/wp-json\/wp\/v2\/posts"}],"about":[{"href":"https:\/\/www.actualidadadiario.com\/index.php\/wp-json\/wp\/v2\/types\/post"}],"author":[{"embeddable":true,"href":"https:\/\/www.actualidadadiario.com\/index.php\/wp-json\/wp\/v2\/users\/3"}],"replies":[{"embeddable":true,"href":"https:\/\/www.actualidadadiario.com\/index.php\/wp-json\/wp\/v2\/comments?post=61158"}],"version-history":[{"count":1,"href":"https:\/\/www.actualidadadiario.com\/index.php\/wp-json\/wp\/v2\/posts\/61158\/revisions"}],"predecessor-version":[{"id":61160,"href":"https:\/\/www.actualidadadiario.com\/index.php\/wp-json\/wp\/v2\/posts\/61158\/revisions\/61160"}],"wp:featuredmedia":[{"embeddable":true,"href":"https:\/\/www.actualidadadiario.com\/index.php\/wp-json\/wp\/v2\/media\/61159"}],"wp:attachment":[{"href":"https:\/\/www.actualidadadiario.com\/index.php\/wp-json\/wp\/v2\/media?parent=61158"}],"wp:term":[{"taxonomy":"category","embeddable":true,"href":"https:\/\/www.actualidadadiario.com\/index.php\/wp-json\/wp\/v2\/categories?post=61158"},{"taxonomy":"post_tag","embeddable":true,"href":"https:\/\/www.actualidadadiario.com\/index.php\/wp-json\/wp\/v2\/tags?post=61158"}],"curies":[{"name":"wp","href":"https:\/\/api.w.org\/{rel}","templated":true}]}}