{"id":61153,"date":"2020-05-11T12:48:32","date_gmt":"2020-05-11T15:48:32","guid":{"rendered":"https:\/\/www.actualidadadiario.com\/?p=61153"},"modified":"2020-05-11T12:48:32","modified_gmt":"2020-05-11T15:48:32","slug":"balance-positivo-de-la-primera-semana-de-reapertura-comercial-en-concordia","status":"publish","type":"post","link":"https:\/\/www.actualidadadiario.com\/index.php\/2020\/05\/11\/balance-positivo-de-la-primera-semana-de-reapertura-comercial-en-concordia\/","title":{"rendered":"Balance positivo de la primera semana de reapertura comercial en Concordia"},"content":{"rendered":"<p style=\"text-align: center;\"><em><strong>El secretario de Coordinaci\u00f3n de Gesti\u00f3n de la Municipalidad, Fernando Barboza, inform\u00f3 que \u201cen general hubo un buen cumplimiento de las medidas de prevenci\u00f3n, tanto de comercios como de clientes\u201d \u00b7 Dijo que las actividades que a\u00fan no fueron habilitadas pueden \u201celaborar un protocolo adaptado a su rubro\u201d para facilitar la gesti\u00f3n de los permisos correspondientes<\/strong><\/em><\/p>\n<p>&nbsp;<\/p>\n<p>&nbsp;<\/p>\n<p>&#8220;En la primera semana que la Municipalidad tuvo la potestad para permitir la actividad de ciertos rubros, tenemos un saldo positivo\u201d, asegur\u00f3 el secretario de Coordinaci\u00f3n de Gesti\u00f3n de la Municipalidad de Concordia.<\/p>\n<p>Apunt\u00f3 que \u201cen general hay un buen cumplimiento de las medidas de prevenci\u00f3n, tanto de comercios como de clientes\u201d, aunque tambi\u00e9n se\u00f1al\u00f3 que \u201cse detectaron varias infracciones a los protocolos\u201d. En esos casos, \u201cluego de ser notificados y labradas las actas, el Juzgado de Faltas determin\u00f3 la clausura de algunos comercios\u201d, se\u00f1al\u00f3 Barboza.<\/p>\n<p>Luego subray\u00f3 que &#8220;Concordia tiene una situaci\u00f3n particular: no hemos tenido nuevos casos positivos, tenemos un estricto control en el ingreso en la 015 y hay un claro trabajo articulado entre el Estado municipal y las instituciones que representan al sector comercial y econ\u00f3mico&#8221;.<\/p>\n<p>En ese sentido, apunt\u00f3 que \u201cno se descarta que en las pr\u00f3ximas semanas o d\u00edas se puedan analizar nuevos permisos especiales\u201d, pero aclar\u00f3: \u201csiempre priorizando el cuidado de la salud y de acuerdo a las determinaciones que tome el Gobierno provincial\u201d.<\/p>\n<p>El funcionario municipal record\u00f3: \u201cEl intendente Alfredo Francolini ya lo ha dicho p\u00fablicamente, es importante que las distintas asociaciones y representantes de las diversas actividades elaboren el Protocolo adaptado a su rubro\u201d. Aclar\u00f3 que \u201ceso no significa que se d\u00e9 el permiso inmediato, pero s\u00ed nos permite realizar las gestiones ante Provincia o Naci\u00f3n\u201d.<\/p>\n<p>&nbsp;<\/p>\n<p><strong>M\u00e1s controles y nuevos protocolos<\/strong><\/p>\n<p>&#8220;En el inicio de esta semana vamos a realizar operativos de control\u201d, anticip\u00f3 Barboza. \u201cLamentablemente hay algunas personas que no quieren entender la gravedad de la situaci\u00f3n y no respetan las medidas de prevenci\u00f3n. En este sentido vamos a ser inflexibles, se notificar\u00e1 y se labrar\u00e1n las actas y se aplicar\u00e1n las multas o la clausura si corresponde\u201d, subray\u00f3. Luego remarc\u00f3: \u201cNo se puede jugar con la salud p\u00fablica y no podemos tirar por la borda todo el esfuerzo de miles de concordienses durante todo este tiempo. Debemos ser responsables y tener conciencia ciudadana\u201d.<\/p>\n<p>El funcionario municipal asegur\u00f3: \u201cSeguimos permanentemente evaluando si pueden realizar o no nuevas modificaciones. El Intendente analiza cada caso puntual en detalle con las autoridades sanitarias&#8221;.<\/p>\n<p>Record\u00f3 que &#8220;algunas actividades como espect\u00e1culos p\u00fablicos, hoteles, restaurantes, gimnasios, entre otras, est\u00e1n fuera de la \u00f3rbita del Municipio, est\u00e1n expresamente prohibidas por el decreto nacional. Lo que no significa que no hagamos nada. El Municipio mantiene un di\u00e1logo permanente, por ejemplo, con la Asociaci\u00f3n Hotelera Gastron\u00f3mica y con Actitur, analizando todas las posibilidades para este sector que es uno de los m\u00e1s afectados. Y acompa\u00f1ando las gestiones que realizan ante el Gobierno provincial o nacional\u201d, afirm\u00f3.<\/p>\n<p>Remarc\u00f3 por \u00faltimo que &#8220;el Intendente mantiene un di\u00e1logo permanente con el gobernador Gustavo Bordet y con el Comit\u00e9 de Emergencia Sanitaria, as\u00ed como tambi\u00e9n con los representantes de las actividades comerciales, evaluando lo ocurrido en la primera semana y definiendo los siguientes pasos a seguir, de acuerdo al anuncio realizado por el Presidente de la Naci\u00f3n\u201d.<\/p>\n","protected":false},"excerpt":{"rendered":"<p>El secretario de Coordinaci\u00f3n de Gesti\u00f3n de la Municipalidad, Fernando Barboza, inform\u00f3 que \u201cen general hubo un buen cumplimiento de las medidas de prevenci\u00f3n, tanto de comercios como de clientes\u201d \u00b7 Dijo que las actividades que a\u00fan no fueron habilitadas pueden \u201celaborar un protocolo adaptado a su rubro\u201d para facilitar la gesti\u00f3n de los permisos correspondientes &nbsp; &nbsp; &#8220;En la primera semana que la Municipalidad tuvo la potestad para permitir la actividad de ciertos rubros, tenemos un saldo positivo\u201d, asegur\u00f3 el secretario de Coordinaci\u00f3n de Gesti\u00f3n de la Municipalidad de&#8230;<\/p>\n","protected":false},"author":3,"featured_media":61154,"comment_status":"closed","ping_status":"closed","sticky":false,"template":"","format":"standard","meta":[],"categories":[15],"tags":[],"_links":{"self":[{"href":"https:\/\/www.actualidadadiario.com\/index.php\/wp-json\/wp\/v2\/posts\/61153"}],"collection":[{"href":"https:\/\/www.actualidadadiario.com\/index.php\/wp-json\/wp\/v2\/posts"}],"about":[{"href":"https:\/\/www.actualidadadiario.com\/index.php\/wp-json\/wp\/v2\/types\/post"}],"author":[{"embeddable":true,"href":"https:\/\/www.actualidadadiario.com\/index.php\/wp-json\/wp\/v2\/users\/3"}],"replies":[{"embeddable":true,"href":"https:\/\/www.actualidadadiario.com\/index.php\/wp-json\/wp\/v2\/comments?post=61153"}],"version-history":[{"count":1,"href":"https:\/\/www.actualidadadiario.com\/index.php\/wp-json\/wp\/v2\/posts\/61153\/revisions"}],"predecessor-version":[{"id":61155,"href":"https:\/\/www.actualidadadiario.com\/index.php\/wp-json\/wp\/v2\/posts\/61153\/revisions\/61155"}],"wp:featuredmedia":[{"embeddable":true,"href":"https:\/\/www.actualidadadiario.com\/index.php\/wp-json\/wp\/v2\/media\/61154"}],"wp:attachment":[{"href":"https:\/\/www.actualidadadiario.com\/index.php\/wp-json\/wp\/v2\/media?parent=61153"}],"wp:term":[{"taxonomy":"category","embeddable":true,"href":"https:\/\/www.actualidadadiario.com\/index.php\/wp-json\/wp\/v2\/categories?post=61153"},{"taxonomy":"post_tag","embeddable":true,"href":"https:\/\/www.actualidadadiario.com\/index.php\/wp-json\/wp\/v2\/tags?post=61153"}],"curies":[{"name":"wp","href":"https:\/\/api.w.org\/{rel}","templated":true}]}}