{"id":61148,"date":"2020-05-11T12:46:56","date_gmt":"2020-05-11T15:46:56","guid":{"rendered":"https:\/\/www.actualidadadiario.com\/?p=61148"},"modified":"2020-05-11T12:46:56","modified_gmt":"2020-05-11T15:46:56","slug":"castrillon-yo-no-he-cometido-ningun-ilicito","status":"publish","type":"post","link":"https:\/\/www.actualidadadiario.com\/index.php\/2020\/05\/11\/castrillon-yo-no-he-cometido-ningun-ilicito\/","title":{"rendered":"Castrill\u00f3n: \u201cYo no he cometido ning\u00fan il\u00edcito\u201d"},"content":{"rendered":"<p style=\"text-align: center;\"><em><strong>El vocal del Superior Tribunal de Justicia (STJ), Emilio Castrill\u00f3n, asegur\u00f3 que no ha cometido \u201cning\u00fan il\u00edcito\u201d. Fue luego de que se conociera la denuncia de su par, Susana Medina, por violencia de g\u00e9nero. El magistrado no descart\u00f3 que esta presentaci\u00f3n est\u00e9 vinculada con sus declaraciones sobre la connivencia entre una parte del poder pol\u00edtico, el Ministerio P\u00fablico Fiscal y un sector del periodismo \u00b7 &#8220;Hay gente que es rencorosa: yo no&#8221;, sostuvo<\/strong><\/em><\/p>\n<p>&nbsp;<\/p>\n<p>&nbsp;<\/p>\n<p>Al ser consultado sobre c\u00f3mo tom\u00f3 la presentaci\u00f3n hecha por Medina, Castrill\u00f3n record\u00f3: \u201cLo hab\u00eda anunciado. Lo que no s\u00e9, es qu\u00e9 denuncia. Yo no he cometido ning\u00fan il\u00edcito. As\u00ed que no s\u00e9\u201d.<\/p>\n<p>El vocal del STJ confes\u00f3 que a\u00fan no fue notificado formalmente por el Ministerio P\u00fablico Fiscal (MPF) de la denuncia, que se habr\u00eda interpuesto el viernes. \u201cLa notificaci\u00f3n es v\u00eda An\u00e1lisis (el medio que public\u00f3 la informaci\u00f3n de la presentaci\u00f3n de Medina y de las actuaciones de Fiscal\u00eda). Supuesta, no s\u00e9 si es cierta (la demanda) o no. Supongo que s\u00ed\u201d, acot\u00f3.<\/p>\n<p>Castrill\u00f3n dijo no saber el porqu\u00e9 de la denuncia, aunque estim\u00f3: \u201cElla qued\u00f3 media dolida conmigo porque yo no la vot\u00e9 para presidenta, pero en realidad no lo s\u00e9. \u00danicamente lo justificar\u00eda por eso\u201d. El a\u00f1o pasado se renovaron las autoridades del Superior Tribunal y Medina era una de las candidatas en carrera. La puja interna llev\u00f3 a que un tercer candidato, Mart\u00edn Carbonell, haya terminado siendo el elegido al frente del STJ.<\/p>\n<p>\u201cTendr\u00eda que preguntarle a ella\u201d, fue la respuesta que eligi\u00f3 el vocal del Superior cuando se le pregunt\u00f3 por la decisi\u00f3n que tom\u00f3 su par de demandarlo. \u201cNo he cometido ninguna violencia de g\u00e9nero contra la doctora Medina. Me parece risue\u00f1o, pero cada una tiene su derecho\u201d.<\/p>\n<p>Adem\u00e1s, precis\u00f3 que entre el 27 de abril, cuando trascendi\u00f3 que Medina hab\u00eda anunciado en reuni\u00f3n de acuerdo que presentar\u00eda la demanda, y el pasado viernes 8, cuando habr\u00eda ingresado al MPF, no tom\u00f3 contacto con Medina.<\/p>\n<p>Cuando le llegue la notificaci\u00f3n de la causa \u201cestar\u00e9 a derecho, como corresponde. Voy a poner abogado. Total despu\u00e9s buscar\u00e9 recuperar lo que gaste (a trav\u00e9s de una denuncia por) da\u00f1os y perjuicios\u201d. En orden a esto, dijo sentirse afectado por la situaci\u00f3n: \u201cConsidero que es artero, da\u00f1ino. Me lesiona mentalmente, ps\u00edquicamente. Me est\u00e1 haciendo da\u00f1o en la vida de relaci\u00f3n. Yo voy a perseguir este da\u00f1o\u201d, anticip\u00f3.<\/p>\n<p>Antes de dejar la presidencia del Superior Tribunal, Castrill\u00f3n gener\u00f3 un gran revuelo al declarar que exist\u00eda connivencia, sobre todo en causas de corrupci\u00f3n, entre un sector del poder pol\u00edtico, el MPF que conduce Jorge Am\u00edlcar Garc\u00eda y cierta prensa. Consultado sobre si el escenario actual podr\u00eda ser un remez\u00f3n de aquello, asever\u00f3: \u201cNo lo descarto porque hay gente que es rencorosa, yo no. Siempre aclar\u00e9 que lo \u00fanico que hubiese cambiado de aquella nota era lo de \u2018mafia\u2019, no lo hubiese dicho. Al resto, siempre lo consider\u00e9 as\u00ed\u201d, sostuvo.<\/p>\n<p>Por otro lado, dijo que la convivencia en el STJ en medio de esta situaci\u00f3n quedar\u00e1 \u201ccomo siempre. No es la primera vez que se han dado entredichos. Es la primera vez que se arma una parodia de denuncia, pero los entredichos siempre existen\u201d. En el Superior \u201cno es siempre armon\u00eda, no es siempre conflicto\u201d, agreg\u00f3.<\/p>\n<p>Asimismo, consign\u00f3 que ma\u00f1ana ir\u00e1 a trabajar normalmente. \u201cPor supuesto, no he dejado de trabajar\u201d, apunt\u00f3, tras lo cual coment\u00f3 que en estas horas no se comunic\u00f3 con ning\u00fan otro integrante del Alto Cuerpo judicial.<\/p>\n","protected":false},"excerpt":{"rendered":"<p>El vocal del Superior Tribunal de Justicia (STJ), Emilio Castrill\u00f3n, asegur\u00f3 que no ha cometido \u201cning\u00fan il\u00edcito\u201d. Fue luego de que se conociera la denuncia de su par, Susana Medina, por violencia de g\u00e9nero. El magistrado no descart\u00f3 que esta presentaci\u00f3n est\u00e9 vinculada con sus declaraciones sobre la connivencia entre una parte del poder pol\u00edtico, el Ministerio P\u00fablico Fiscal y un sector del periodismo \u00b7 &#8220;Hay gente que es rencorosa: yo no&#8221;, sostuvo &nbsp; &nbsp; Al ser consultado sobre c\u00f3mo tom\u00f3 la presentaci\u00f3n hecha por Medina, Castrill\u00f3n record\u00f3: \u201cLo hab\u00eda&#8230;<\/p>\n","protected":false},"author":3,"featured_media":61149,"comment_status":"closed","ping_status":"closed","sticky":false,"template":"","format":"standard","meta":[],"categories":[15],"tags":[],"_links":{"self":[{"href":"https:\/\/www.actualidadadiario.com\/index.php\/wp-json\/wp\/v2\/posts\/61148"}],"collection":[{"href":"https:\/\/www.actualidadadiario.com\/index.php\/wp-json\/wp\/v2\/posts"}],"about":[{"href":"https:\/\/www.actualidadadiario.com\/index.php\/wp-json\/wp\/v2\/types\/post"}],"author":[{"embeddable":true,"href":"https:\/\/www.actualidadadiario.com\/index.php\/wp-json\/wp\/v2\/users\/3"}],"replies":[{"embeddable":true,"href":"https:\/\/www.actualidadadiario.com\/index.php\/wp-json\/wp\/v2\/comments?post=61148"}],"version-history":[{"count":1,"href":"https:\/\/www.actualidadadiario.com\/index.php\/wp-json\/wp\/v2\/posts\/61148\/revisions"}],"predecessor-version":[{"id":61150,"href":"https:\/\/www.actualidadadiario.com\/index.php\/wp-json\/wp\/v2\/posts\/61148\/revisions\/61150"}],"wp:featuredmedia":[{"embeddable":true,"href":"https:\/\/www.actualidadadiario.com\/index.php\/wp-json\/wp\/v2\/media\/61149"}],"wp:attachment":[{"href":"https:\/\/www.actualidadadiario.com\/index.php\/wp-json\/wp\/v2\/media?parent=61148"}],"wp:term":[{"taxonomy":"category","embeddable":true,"href":"https:\/\/www.actualidadadiario.com\/index.php\/wp-json\/wp\/v2\/categories?post=61148"},{"taxonomy":"post_tag","embeddable":true,"href":"https:\/\/www.actualidadadiario.com\/index.php\/wp-json\/wp\/v2\/tags?post=61148"}],"curies":[{"name":"wp","href":"https:\/\/api.w.org\/{rel}","templated":true}]}}