{"id":61144,"date":"2020-05-11T12:43:33","date_gmt":"2020-05-11T15:43:33","guid":{"rendered":"https:\/\/www.actualidadadiario.com\/?p=61144"},"modified":"2020-05-11T12:43:33","modified_gmt":"2020-05-11T15:43:33","slug":"un-equipo-de-salud-visitara-geriatricos-para-acompanar-a-los-adultos-mayores-y-controlar-las-tareas-bajo-protocolo","status":"publish","type":"post","link":"https:\/\/www.actualidadadiario.com\/index.php\/2020\/05\/11\/un-equipo-de-salud-visitara-geriatricos-para-acompanar-a-los-adultos-mayores-y-controlar-las-tareas-bajo-protocolo\/","title":{"rendered":"Un equipo de salud visitar\u00e1 geri\u00e1tricos para acompa\u00f1ar a los adultos mayores y controlar las tareas bajo protocolo"},"content":{"rendered":"<p style=\"text-align: center;\"><em><strong>El Ministerio de Salud confirm\u00f3 un equipo de trabajo con agentes del organismo para visitar todas las residencias de personas mayores de la provincia con el fin de acompa\u00f1arlos y garantizar el cumplimiento adecuado de los protocolos de higiene y seguridad de protecci\u00f3n de coronavirus<\/strong><\/em><\/p>\n<p>&nbsp;<\/p>\n<p>&nbsp;<\/p>\n<p>El coordinador general de la Unidad Ministerial de Programas y Pol\u00edticas de Salud para Personas Mayores, Esteban Sartore, inform\u00f3 sobre las diferentes acciones que desde ese organismo se realizan con esta franja etaria de la poblaci\u00f3n. En este sentido, adelant\u00f3 que esta semana se iniciar\u00e1n visitas a la residencia geri\u00e1tricas, comenzando por la ciudad de Paran\u00e1, para luego extenderlas a toda la provincia.<\/p>\n<p>\u201cHan constituido un equipo de trabajo con distintos agentes del Ministerio de Salud para visitar y acompa\u00f1ar a todas las residencias geri\u00e1tricas de la provincia, asegurando el cuidado bajo los protocolos con las normas de seguridad e higiene\u201d, precis\u00f3 el funcionario durante la conferencia de prensa virtual llevada a cabo este domingo.<\/p>\n<p>Adem\u00e1s, se refiri\u00f3 a las pol\u00edticas que vendr\u00edan identificadas para las personas mayores, el grupo m\u00e1s vulnerable en la pandemia, y precis\u00f3 que se divide en tres franjas. Una son las personas mayores que est\u00e1n en su casa; otra que est\u00e1n en su casa pero tienen relaci\u00f3n intergeneracional, es decir que tienen con otros grupos etarios; y la tercera, con mayor factor de riesgo, son las personas que se encuentran institucionalizadas, &#8220;es decir que se encuentran en residencias geri\u00e1tricas, gerontol\u00f3gicas, tanto p\u00fablicas como privadas&#8221;, dijo y apunt\u00f3: &#8220;Venimos trabajando articuladamente entre el Ministerio de Salud y de Desarrollo Social en todas las pol\u00edticas que ata\u00f1en a este grupo et\u00e9reo &#8220;.<\/p>\n<p>Luego mencion\u00f3 que se viene trabajando con el programa de voluntariado Proteger, remarcando la importancia de cuidar a las personas mayores como tambi\u00e9n a los voluntarios en las actividades que ellos realizan.<\/p>\n<p>El coordinador incluy\u00f3 tambi\u00e9n las \u00faltimas capacitaciones desde el Ministerio de Salud en conjunto con la Secretar\u00eda de Salud y la direcci\u00f3n de Salud Mental, no solo a hospitales p\u00fablicos sino tambi\u00e9n a residencias privadas.<\/p>\n<p>Por otro lado, grabe la semana pasada se realiz\u00f3 una reuni\u00f3n por videoconferencia con asistentes o referencias en la tem\u00e1tica vejez. &#8220;Esto ha sido muy importante porque nosotros necesitamos de esta unidad ministerial conocer la realidad y cantidad de personas mayores que se encuentran institucionalizadas. Esto es muy importante porque nosotros debemos acompa\u00f1ar, junto con los protocolos, para que podamos cumplir estas normas de cuidado e higiene que venimos afectados adelante desde el Ministerio&#8221;.<\/p>\n<p>Remarc\u00f3 que tambi\u00e9n se est\u00e1 acompa\u00f1ando a quienes cuidan, con acciones a trav\u00e9s de distintas videoconferencias de bioseguridad e higiene tanto a residencias como a los distintos hospitales.<\/p>\n<p>&nbsp;<\/p>\n<p><strong>Actualizaci\u00f3n epidemiol\u00f3gica<\/strong><\/p>\n<p>Por otro lado, Sartore, brind\u00f3 un informe sobre el estado epidemiol\u00f3gico y preciso que en la provincia hay 28 casos confirmados, siete en estudio y se han descartado 676 casos sospechosos. Indique adem\u00e1s que la cantidad de casos estudiados asciende a un total de 711.<\/p>\n<p>Tras ello, sostuvo: &#8220;Esto nos hace pensar y reflexionar y multiplicar las medidas de cuidado. Si bien nos debe una tranquilidad que desde el Ministerio de Salud viene cosas de manera correcta y nos ha dado tiempo para preparar los equipos de salud para la siguiente etapa, cada uno de los ciudadanos debemos extremar las medidas de higiene, el cuidado y el distanciamiento social&#8221;.<\/p>\n","protected":false},"excerpt":{"rendered":"<p>El Ministerio de Salud confirm\u00f3 un equipo de trabajo con agentes del organismo para visitar todas las residencias de personas mayores de la provincia con el fin de acompa\u00f1arlos y garantizar el cumplimiento adecuado de los protocolos de higiene y seguridad de protecci\u00f3n de coronavirus &nbsp; &nbsp; El coordinador general de la Unidad Ministerial de Programas y Pol\u00edticas de Salud para Personas Mayores, Esteban Sartore, inform\u00f3 sobre las diferentes acciones que desde ese organismo se realizan con esta franja etaria de la poblaci\u00f3n. En este sentido, adelant\u00f3 que esta semana&#8230;<\/p>\n","protected":false},"author":3,"featured_media":56209,"comment_status":"closed","ping_status":"closed","sticky":false,"template":"","format":"standard","meta":[],"categories":[9],"tags":[],"_links":{"self":[{"href":"https:\/\/www.actualidadadiario.com\/index.php\/wp-json\/wp\/v2\/posts\/61144"}],"collection":[{"href":"https:\/\/www.actualidadadiario.com\/index.php\/wp-json\/wp\/v2\/posts"}],"about":[{"href":"https:\/\/www.actualidadadiario.com\/index.php\/wp-json\/wp\/v2\/types\/post"}],"author":[{"embeddable":true,"href":"https:\/\/www.actualidadadiario.com\/index.php\/wp-json\/wp\/v2\/users\/3"}],"replies":[{"embeddable":true,"href":"https:\/\/www.actualidadadiario.com\/index.php\/wp-json\/wp\/v2\/comments?post=61144"}],"version-history":[{"count":1,"href":"https:\/\/www.actualidadadiario.com\/index.php\/wp-json\/wp\/v2\/posts\/61144\/revisions"}],"predecessor-version":[{"id":61145,"href":"https:\/\/www.actualidadadiario.com\/index.php\/wp-json\/wp\/v2\/posts\/61144\/revisions\/61145"}],"wp:featuredmedia":[{"embeddable":true,"href":"https:\/\/www.actualidadadiario.com\/index.php\/wp-json\/wp\/v2\/media\/56209"}],"wp:attachment":[{"href":"https:\/\/www.actualidadadiario.com\/index.php\/wp-json\/wp\/v2\/media?parent=61144"}],"wp:term":[{"taxonomy":"category","embeddable":true,"href":"https:\/\/www.actualidadadiario.com\/index.php\/wp-json\/wp\/v2\/categories?post=61144"},{"taxonomy":"post_tag","embeddable":true,"href":"https:\/\/www.actualidadadiario.com\/index.php\/wp-json\/wp\/v2\/tags?post=61144"}],"curies":[{"name":"wp","href":"https:\/\/api.w.org\/{rel}","templated":true}]}}