{"id":61142,"date":"2020-05-11T12:42:41","date_gmt":"2020-05-11T15:42:41","guid":{"rendered":"https:\/\/www.actualidadadiario.com\/?p=61142"},"modified":"2020-05-11T12:42:41","modified_gmt":"2020-05-11T15:42:41","slug":"se-programan-mesas-de-examenes-virtuales-para-los-niveles-secundario-y-superior","status":"publish","type":"post","link":"https:\/\/www.actualidadadiario.com\/index.php\/2020\/05\/11\/se-programan-mesas-de-examenes-virtuales-para-los-niveles-secundario-y-superior\/","title":{"rendered":"Se programan mesas de ex\u00e1menes virtuales para los niveles secundario y superior"},"content":{"rendered":"<p style=\"text-align: center;\"><em><strong>Desde el Consejo General de Educaci\u00f3n se contin\u00faa avanzando con la ense\u00f1anza a distancia en una interrelaci\u00f3n entre docentes, alumnos y familias. Para las pr\u00f3ximas semanas se prev\u00e9n realizar mesas de ex\u00e1menes virtuales para la recuperaci\u00f3n de materias del a\u00f1o pasado<\/strong><\/em><\/p>\n<p>&nbsp;<\/p>\n<p>&nbsp;<\/p>\n<p>El presidente del Consejo General de Educaci\u00f3n (CGE), Mart\u00edn M\u00fcller, explic\u00f3 las acciones que se realizan en el sector educativo en el marco de la pandemia y coment\u00f3 que se socializa en todas las escuelas, entre supervisores, directivos y familias, el concepto de evaluaci\u00f3n formativa. Indic\u00f3 que la idea es contar con un informe cualitativo que d\u00e9 un panorama de los avances que han podido hacer los estudiantes en la provincia.<\/p>\n<p>Por otro lado, adelant\u00f3 que se programa realizar en las pr\u00f3ximas semanas \u201cmesas de evaluaci\u00f3n para el nivel secundario y superior para que puedan recuperar algunas materias que tengan adeudadas del a\u00f1o pasado. Ser\u00e1 con un formato virtual para tratar de dar ciertos pasos hacia adelante en funci\u00f3n de la situaci\u00f3n excepcional que estamos viviendo&#8221;, coment\u00f3 M\u00fcller.<\/p>\n<p>&nbsp;<\/p>\n<p><strong>Sistema mixto<\/strong><\/p>\n<p>En la conferencia de prensa virtual de este domingo, M\u00fcller record\u00f3 que la decisi\u00f3n del regreso a clase se enmarcar\u00e1 en las medidas que adopte Naci\u00f3n. Dicho eso, aclar\u00f3 que se trabaja en un plan infraestructura ante esa posible vuelta a clase en alg\u00fan momento de este a\u00f1o, referido a las medidas necesarias de higiene y seguridad en las escuelas, los espacios y a la cantidad de personas en cada instituci\u00f3n, a los tiempos y a cantidad de horas que puedan estudiantes y docentes en las escuelas.<\/p>\n<p>En relaci\u00f3n a como se est\u00e1 trabajando en ese sentido en la provincia, Muller precis\u00f3: &#8220;Nuestro esquema va hacia avanzar en un sistema mixto que siga sosteniendo de alguna forma muchas de las herramientas desarrolladas en este tiempo que tienen que ver con la educaci\u00f3n a distancia, y que de que a poco, y atendiendo de manera prioritaria y selectiva a los grupos que son m\u00e1s sensibles y m\u00e1s necesario que est\u00e9n en la escuela&#8221;.<\/p>\n<p>&nbsp;<\/p>\n<p><strong>Contenidos en casa<\/strong><\/p>\n<p>Coment\u00f3 que este lunes y el mi\u00e9rcoles se presentar\u00e1 el tercer programa de la propuesta Contenidos en Casa TV a las 18. &#8220;Es importante que sea un momento para que todas las familias entrerrianas puedan estar en contacto con los contenidos educativos que tienen nuestra impronta&#8221;, dijo e inform\u00f3 que &#8220;en este tercer programa van a abordar la ciencia y la tecnolog\u00eda pensada en la escuela en este contexto particular&#8221;.<\/p>\n<p>Por otra parte, invit\u00f3 y record\u00f3 &#8220;tanto a nuestros docentes como a las familias, que ingresen al portal aprender.edu.ar, que es de acceso gratuito, donde ha innumerables contenidos para trabajar tanto desde el formato educativo como tambi\u00e9n con las familias&#8221;.<\/p>\n<p>Dijo que all\u00ed, &#8220;tenemos actualmente el ciclo de Cine y Derechos Humanos, un dossier especial de contenidos de Educaci\u00f3n Sexual Integral que nos parece muy importante que sea trabajado en este contexto y otros materiales que solamente explorando de manera muy sencilla pueden trabajar con sus familias&#8221;.<\/p>\n<p>En otro orden, indic\u00f3 que &#8220;esta semana, hasta hoy domingo, tienen tiempo nuestras escuelas para inscribirse en el torneo de ajedrez digital, que es una instancia muy importante que comenz\u00f3 el a\u00f1o pasado y este a\u00f1o tiene la impronta de la educaci\u00f3n a distancia, tambi\u00e9n va a ser una forma de encontrarse y acercarse estudiantes entrerrianos y luego, si se pasa de etapa, estudiantes de todo el pa\u00eds en un torneo que desarrolla un deporte fundamental para el aprendizaje de nuestros ni\u00f1os y ni\u00f1as&#8221;.<\/p>\n<p>Por \u00faltimo, el presidente del CGE resalt\u00f3 el trabajo en los espacios virtuales, particularmente a trav\u00e9s de &#8220;nuestra plataforma educativa que es el portal Atam\u00e1, donde hay innumerables capacitaciones que est\u00e1n realizando nuestros docentes, que pueden inscribirse y realizar de manera gratuita y es el espacio por excelencia de intercambio y di\u00e1logo de nuestros supervisores, docentes y directivos en toda la provincia&#8221;.<\/p>\n","protected":false},"excerpt":{"rendered":"<p>Desde el Consejo General de Educaci\u00f3n se contin\u00faa avanzando con la ense\u00f1anza a distancia en una interrelaci\u00f3n entre docentes, alumnos y familias. Para las pr\u00f3ximas semanas se prev\u00e9n realizar mesas de ex\u00e1menes virtuales para la recuperaci\u00f3n de materias del a\u00f1o pasado &nbsp; &nbsp; El presidente del Consejo General de Educaci\u00f3n (CGE), Mart\u00edn M\u00fcller, explic\u00f3 las acciones que se realizan en el sector educativo en el marco de la pandemia y coment\u00f3 que se socializa en todas las escuelas, entre supervisores, directivos y familias, el concepto de evaluaci\u00f3n formativa. Indic\u00f3 que&#8230;<\/p>\n","protected":false},"author":3,"featured_media":12479,"comment_status":"closed","ping_status":"closed","sticky":false,"template":"","format":"standard","meta":[],"categories":[9],"tags":[],"_links":{"self":[{"href":"https:\/\/www.actualidadadiario.com\/index.php\/wp-json\/wp\/v2\/posts\/61142"}],"collection":[{"href":"https:\/\/www.actualidadadiario.com\/index.php\/wp-json\/wp\/v2\/posts"}],"about":[{"href":"https:\/\/www.actualidadadiario.com\/index.php\/wp-json\/wp\/v2\/types\/post"}],"author":[{"embeddable":true,"href":"https:\/\/www.actualidadadiario.com\/index.php\/wp-json\/wp\/v2\/users\/3"}],"replies":[{"embeddable":true,"href":"https:\/\/www.actualidadadiario.com\/index.php\/wp-json\/wp\/v2\/comments?post=61142"}],"version-history":[{"count":1,"href":"https:\/\/www.actualidadadiario.com\/index.php\/wp-json\/wp\/v2\/posts\/61142\/revisions"}],"predecessor-version":[{"id":61143,"href":"https:\/\/www.actualidadadiario.com\/index.php\/wp-json\/wp\/v2\/posts\/61142\/revisions\/61143"}],"wp:featuredmedia":[{"embeddable":true,"href":"https:\/\/www.actualidadadiario.com\/index.php\/wp-json\/wp\/v2\/media\/12479"}],"wp:attachment":[{"href":"https:\/\/www.actualidadadiario.com\/index.php\/wp-json\/wp\/v2\/media?parent=61142"}],"wp:term":[{"taxonomy":"category","embeddable":true,"href":"https:\/\/www.actualidadadiario.com\/index.php\/wp-json\/wp\/v2\/categories?post=61142"},{"taxonomy":"post_tag","embeddable":true,"href":"https:\/\/www.actualidadadiario.com\/index.php\/wp-json\/wp\/v2\/tags?post=61142"}],"curies":[{"name":"wp","href":"https:\/\/api.w.org\/{rel}","templated":true}]}}