{"id":61137,"date":"2020-05-07T13:30:07","date_gmt":"2020-05-07T16:30:07","guid":{"rendered":"https:\/\/www.actualidadadiario.com\/?p=61137"},"modified":"2020-05-07T13:30:07","modified_gmt":"2020-05-07T16:30:07","slug":"se-agudiza-la-crisis-en-brasil-614-muertos-de-coronavirus-en-las-ultimas-24-horas","status":"publish","type":"post","link":"https:\/\/www.actualidadadiario.com\/index.php\/2020\/05\/07\/se-agudiza-la-crisis-en-brasil-614-muertos-de-coronavirus-en-las-ultimas-24-horas\/","title":{"rendered":"Se agudiza la crisis en Brasil: 614 muertos de coronavirus en las \u00faltimas 24 horas"},"content":{"rendered":"<p style=\"text-align: center;\"><em><strong>En la jornada del mi\u00e9rcoles, las autoridades sanitarias de Brasil confirmaron la muerte de 614 pacientes por coronavirus en las \u00faltimas 24 horas. Con estos datos estad\u00edsticos, el pa\u00eds vecino ya super\u00f3 los 8.500 decesos y alcanz\u00f3 un nuevo r\u00e9cord de fallecimientos desde el inicio de la pandemia. El panorama indica que la curva est\u00e1 tomando una velocidad exponencial y la cantidad de pacientes ya supera los 125.000, una de las cifras m\u00e1s altas del planeta<\/strong><\/em><\/p>\n<p>&nbsp;<\/p>\n<p>El primer mandatario, Jair Bolsonaro mantiene su postura contra la cuarentena y prioriza la apertura de actividades para contener la ca\u00edda de la econom\u00eda. Esto tiene un costo muy alto ya que Brasil es el pa\u00eds con mayor cantidad de fallecidos y contagios en toda Latinoam\u00e9rica. Mientras tanto, el presidente atraviesa una crisis pol\u00edtica importante, especialmente con gobernadores e intendentes.<\/p>\n<p>En medio de la crisis sanitaria, Brasil alcanz\u00f3 el tercer lugar en n\u00famero de muertes diarias. S\u00f3lo es superado por Estados Unidos y el Reino Unido, naciones \u00edndices de letalidad extremos. La administraci\u00f3n Trump report\u00f3 2.333 muertes el pasado mi\u00e9rcoles, una cifra diaria sin precedentes. En el caso de Gran Breta\u00f1a, su primer ministro, Boris Johnson, debi\u00f3 ser hospitalizado e incluso fue asistido en terapia intensiva. Una vez recuperado, el mandatario regres\u00f3 a su trabajo.<\/p>\n<p>Las localidades brasileras m\u00e1s afectadas por la llegada del COVID-19 son San Pablo y R\u00edo de Janeiro. En el caso de San Pablo, las estad\u00edsticas se\u00f1alan que ya se produjeron 38.000 contagios de coronavirus y al menos unas 3.000 muertes a causa del pat\u00f3geno. En segundo t\u00e9rmino, R\u00edo de Janeiro ya contabiliza 13.295 pacientes y al menos 1.205 fallecidos por el coronavirus. Los jefes comunales muestran una clara preocupaci\u00f3n frente a un panorama complejo e incierto.<\/p>\n<p>&nbsp;<\/p>\n<p><strong>El coronavirus se apodera del gabinete de Bolsonaro<\/strong><\/p>\n<p>El general Otavio Rego Barros, un funcionario del Gobierno, contrajo coronavirus en las \u00faltimas horas. Su situaci\u00f3n es preocupante ya que trabaja en el mismo edificio que Jair Bolsonaro. Seg\u00fan explicaron desde fuentes oficiales: \u201cEl general Rego Barros est\u00e1 en su residencia, cumpliendo todos los protocolos recomendados, y hasta el momento sin s\u00edntomas que merezcan mayor preocupaci\u00f3n\u201d.<\/p>\n","protected":false},"excerpt":{"rendered":"<p>En la jornada del mi\u00e9rcoles, las autoridades sanitarias de Brasil confirmaron la muerte de 614 pacientes por coronavirus en las \u00faltimas 24 horas. Con estos datos estad\u00edsticos, el pa\u00eds vecino ya super\u00f3 los 8.500 decesos y alcanz\u00f3 un nuevo r\u00e9cord de fallecimientos desde el inicio de la pandemia. El panorama indica que la curva est\u00e1 tomando una velocidad exponencial y la cantidad de pacientes ya supera los 125.000, una de las cifras m\u00e1s altas del planeta &nbsp; El primer mandatario, Jair Bolsonaro mantiene su postura contra la cuarentena y prioriza&#8230;<\/p>\n","protected":false},"author":3,"featured_media":61138,"comment_status":"closed","ping_status":"closed","sticky":false,"template":"","format":"standard","meta":[],"categories":[4],"tags":[],"_links":{"self":[{"href":"https:\/\/www.actualidadadiario.com\/index.php\/wp-json\/wp\/v2\/posts\/61137"}],"collection":[{"href":"https:\/\/www.actualidadadiario.com\/index.php\/wp-json\/wp\/v2\/posts"}],"about":[{"href":"https:\/\/www.actualidadadiario.com\/index.php\/wp-json\/wp\/v2\/types\/post"}],"author":[{"embeddable":true,"href":"https:\/\/www.actualidadadiario.com\/index.php\/wp-json\/wp\/v2\/users\/3"}],"replies":[{"embeddable":true,"href":"https:\/\/www.actualidadadiario.com\/index.php\/wp-json\/wp\/v2\/comments?post=61137"}],"version-history":[{"count":1,"href":"https:\/\/www.actualidadadiario.com\/index.php\/wp-json\/wp\/v2\/posts\/61137\/revisions"}],"predecessor-version":[{"id":61139,"href":"https:\/\/www.actualidadadiario.com\/index.php\/wp-json\/wp\/v2\/posts\/61137\/revisions\/61139"}],"wp:featuredmedia":[{"embeddable":true,"href":"https:\/\/www.actualidadadiario.com\/index.php\/wp-json\/wp\/v2\/media\/61138"}],"wp:attachment":[{"href":"https:\/\/www.actualidadadiario.com\/index.php\/wp-json\/wp\/v2\/media?parent=61137"}],"wp:term":[{"taxonomy":"category","embeddable":true,"href":"https:\/\/www.actualidadadiario.com\/index.php\/wp-json\/wp\/v2\/categories?post=61137"},{"taxonomy":"post_tag","embeddable":true,"href":"https:\/\/www.actualidadadiario.com\/index.php\/wp-json\/wp\/v2\/tags?post=61137"}],"curies":[{"name":"wp","href":"https:\/\/api.w.org\/{rel}","templated":true}]}}