{"id":61125,"date":"2020-05-07T13:27:34","date_gmt":"2020-05-07T16:27:34","guid":{"rendered":"https:\/\/www.actualidadadiario.com\/?p=61125"},"modified":"2020-05-07T13:27:34","modified_gmt":"2020-05-07T16:27:34","slug":"pinera-nombra-a-una-sobrina-de-pinochet-como-ministra-de-la-mujer-y-equidad-de-genero","status":"publish","type":"post","link":"https:\/\/www.actualidadadiario.com\/index.php\/2020\/05\/07\/pinera-nombra-a-una-sobrina-de-pinochet-como-ministra-de-la-mujer-y-equidad-de-genero\/","title":{"rendered":"Pi\u00f1era nombra a una sobrina de Pinochet como ministra de la Mujer y equidad de G\u00e9nero"},"content":{"rendered":"<p style=\"text-align: center;\"><em><strong>La flamante funcionaria es una defensora de la dictadura que gobern\u00f3 Chile entre 1973 y 1990, y dej\u00f3 m\u00e1s de 3.000 muertos<\/strong><\/em><\/p>\n<p>&nbsp;<\/p>\n<p>&nbsp;<\/p>\n<p>El presidente de Chile, Sebasti\u00e1n Pi\u00f1era, gener\u00f3 controversias este mi\u00e9rcoles al juramentar como nueva ministra de la Mujer y Equidad de G\u00e9nero a Macarena Santelices, una periodista conservadora y criticada por ser sobrina-nieta del exdictador Augusto Pinochet (1973-1990). Varias organizaciones defensoras de los derechos de g\u00e9nero y l\u00edderes de asociaciones feministas cuestionaron la falta de experiencia en la materia de Santelices, militante del partido de derecha radical UDI, que compone la coalici\u00f3n del gobierno de Pi\u00f1era.<\/p>\n<p>En las redes sociales el nombramiento del gobierno fue destrozado, acusando a esta exalcaldesa de una zona rural de ser una reconocida defensora de la dictadura que dej\u00f3 m\u00e1s de 3.000 muertos en Chile.<\/p>\n<p>Pero Pi\u00f1era afirm\u00f3 su compromiso con &#8220;una sociedad con total y absoluta igualdad en dignidad, derechos, deberes y oportunidades entre hombres y mujeres&#8221;.<\/p>\n<p>&#8220;Esta no es una lucha o un conflicto entre hombres y mujeres, esta es una lucha de hombres y mujeres, juntos, para construir una sociedad en la que tengamos plena y total igualdad de derechos, deberes y oportunidades&#8221;, sostuvo el mandatario.<\/p>\n<p>&#8220;Estoy seguro que Macarena va a estar a la altura de este tremendo desaf\u00edo&#8221;, agreg\u00f3 Pi\u00f1era en la ceremonia de juramentaci\u00f3n en el palacio de La Moneda.<\/p>\n<p>Santelices trabaj\u00f3 como periodista en cadenas de televisi\u00f3n locales y fue alcaldesa entre 2012 y 2019 de la ciudad de Olmu\u00e9, al norte de Santiago.<\/p>\n<p>Durante su gesti\u00f3n como alcaldesa expres\u00f3 fuertes declaraciones contra los inmigrantes, algo que reprocharon este mi\u00e9rcoles organizaciones defensoras de derechos humanos.<\/p>\n<p>&#8220;Pido que me juzguen a partir de ahora como ministra de la Mujer&#8221;, se defendi\u00f3 en sus primeras declaraciones, mientras varios medios recordaron algunas frases que escribi\u00f3 en sus redes sociales en los \u00faltimos a\u00f1os.<\/p>\n<p>&#8220;Seguiremos avanzando para erradicar la violencia contra las mujeres, por su dignidad e igualdad de derechos \u00a1Vamos junt@s!&#8221;, dijo Santelices en Twitter.<\/p>\n<p>Despu\u00e9s de octubre, que Chile se vio sacudido por un estallido social sin precedentes que polariz\u00f3 a la poblaci\u00f3n, Santelices declar\u00f3: &#8220;Yo, de verdad, creo que eso de segmentar a las personas por ser de un lado o de otro ya pas\u00f3 de moda. En Chile todos queremos salir adelante, queremos crecer y queremos construir&#8221;, recordaban el mi\u00e9rcoles varios medios.<\/p>\n<p>&#8220;Consideramos que el nombramiento es una provocaci\u00f3n para el movimiento feminista y que exige una ministra capacitada en la defensa de los derechos de las mujeres y las disidencias sexuales&#8221;, dijo en comunicado la Asamblea Feminista Plurinacional, que re\u00fane a varias asociaciones en Chile.<\/p>\n","protected":false},"excerpt":{"rendered":"<p>La flamante funcionaria es una defensora de la dictadura que gobern\u00f3 Chile entre 1973 y 1990, y dej\u00f3 m\u00e1s de 3.000 muertos &nbsp; &nbsp; El presidente de Chile, Sebasti\u00e1n Pi\u00f1era, gener\u00f3 controversias este mi\u00e9rcoles al juramentar como nueva ministra de la Mujer y Equidad de G\u00e9nero a Macarena Santelices, una periodista conservadora y criticada por ser sobrina-nieta del exdictador Augusto Pinochet (1973-1990). Varias organizaciones defensoras de los derechos de g\u00e9nero y l\u00edderes de asociaciones feministas cuestionaron la falta de experiencia en la materia de Santelices, militante del partido de derecha&#8230;<\/p>\n","protected":false},"author":3,"featured_media":61126,"comment_status":"closed","ping_status":"closed","sticky":false,"template":"","format":"standard","meta":[],"categories":[4],"tags":[],"_links":{"self":[{"href":"https:\/\/www.actualidadadiario.com\/index.php\/wp-json\/wp\/v2\/posts\/61125"}],"collection":[{"href":"https:\/\/www.actualidadadiario.com\/index.php\/wp-json\/wp\/v2\/posts"}],"about":[{"href":"https:\/\/www.actualidadadiario.com\/index.php\/wp-json\/wp\/v2\/types\/post"}],"author":[{"embeddable":true,"href":"https:\/\/www.actualidadadiario.com\/index.php\/wp-json\/wp\/v2\/users\/3"}],"replies":[{"embeddable":true,"href":"https:\/\/www.actualidadadiario.com\/index.php\/wp-json\/wp\/v2\/comments?post=61125"}],"version-history":[{"count":1,"href":"https:\/\/www.actualidadadiario.com\/index.php\/wp-json\/wp\/v2\/posts\/61125\/revisions"}],"predecessor-version":[{"id":61127,"href":"https:\/\/www.actualidadadiario.com\/index.php\/wp-json\/wp\/v2\/posts\/61125\/revisions\/61127"}],"wp:featuredmedia":[{"embeddable":true,"href":"https:\/\/www.actualidadadiario.com\/index.php\/wp-json\/wp\/v2\/media\/61126"}],"wp:attachment":[{"href":"https:\/\/www.actualidadadiario.com\/index.php\/wp-json\/wp\/v2\/media?parent=61125"}],"wp:term":[{"taxonomy":"category","embeddable":true,"href":"https:\/\/www.actualidadadiario.com\/index.php\/wp-json\/wp\/v2\/categories?post=61125"},{"taxonomy":"post_tag","embeddable":true,"href":"https:\/\/www.actualidadadiario.com\/index.php\/wp-json\/wp\/v2\/tags?post=61125"}],"curies":[{"name":"wp","href":"https:\/\/api.w.org\/{rel}","templated":true}]}}