{"id":61123,"date":"2020-05-07T13:26:49","date_gmt":"2020-05-07T16:26:49","guid":{"rendered":"https:\/\/www.actualidadadiario.com\/?p=61123"},"modified":"2020-05-07T13:26:49","modified_gmt":"2020-05-07T16:26:49","slug":"el-senado-ensayara-este-viernes-las-sesiones-por-videoconferencia","status":"publish","type":"post","link":"https:\/\/www.actualidadadiario.com\/index.php\/2020\/05\/07\/el-senado-ensayara-este-viernes-las-sesiones-por-videoconferencia\/","title":{"rendered":"El Senado ensayar\u00e1 este viernes las sesiones por videoconferencia"},"content":{"rendered":"<p style=\"text-align: center;\"><em><strong>El Senado realizar\u00e1 este viernes un ensayo general para probar el sistema de videoconferencia, mediante el cual sesionar\u00e1 la semana entrante para debatir la validez de m\u00e1s de veinte decretos de necesidad y urgencia firmados por el Poder Ejecutivo desde la declaraci\u00f3n del aislamiento por el coronavirus<\/strong><\/em><\/p>\n<p>&nbsp;<\/p>\n<p>La prueba ser\u00e1 por la tarde y contar\u00e1 con la presencia de la presidenta de la C\u00e1mara, Cristina Fern\u00e1ndez de Kirchner, y de la mayor\u00eda de los legisladores. As\u00ed lo revel\u00f3 el presidente del interbloque del Frente de Todos, Jos\u00e9 Mayans, durante la reuni\u00f3n virtual realizada para constituir la Comisi\u00f3n de Agricultura Ganader\u00eda y Pesca.<\/p>\n<p>Seg\u00fan Mayans, la realizaci\u00f3n del ensayo oblig\u00f3 a cancelar la audiencia que iba a realizar la Comisi\u00f3n de Medio Ambiente con el ministro del \u00e1rea, Juan Cabandi\u00e9.<\/p>\n<p>La modalidad de videoconferencia ser\u00e1 utilizada por el Senado por primera vez en su historia ante la imposibilidad de organizar una sesi\u00f3n presencial para conservar el distanciamiento social y evitar contagios.<\/p>\n","protected":false},"excerpt":{"rendered":"<p>El Senado realizar\u00e1 este viernes un ensayo general para probar el sistema de videoconferencia, mediante el cual sesionar\u00e1 la semana entrante para debatir la validez de m\u00e1s de veinte decretos de necesidad y urgencia firmados por el Poder Ejecutivo desde la declaraci\u00f3n del aislamiento por el coronavirus &nbsp; La prueba ser\u00e1 por la tarde y contar\u00e1 con la presencia de la presidenta de la C\u00e1mara, Cristina Fern\u00e1ndez de Kirchner, y de la mayor\u00eda de los legisladores. As\u00ed lo revel\u00f3 el presidente del interbloque del Frente de Todos, Jos\u00e9 Mayans, durante&#8230;<\/p>\n","protected":false},"author":3,"featured_media":60403,"comment_status":"closed","ping_status":"closed","sticky":false,"template":"","format":"standard","meta":[],"categories":[18],"tags":[],"_links":{"self":[{"href":"https:\/\/www.actualidadadiario.com\/index.php\/wp-json\/wp\/v2\/posts\/61123"}],"collection":[{"href":"https:\/\/www.actualidadadiario.com\/index.php\/wp-json\/wp\/v2\/posts"}],"about":[{"href":"https:\/\/www.actualidadadiario.com\/index.php\/wp-json\/wp\/v2\/types\/post"}],"author":[{"embeddable":true,"href":"https:\/\/www.actualidadadiario.com\/index.php\/wp-json\/wp\/v2\/users\/3"}],"replies":[{"embeddable":true,"href":"https:\/\/www.actualidadadiario.com\/index.php\/wp-json\/wp\/v2\/comments?post=61123"}],"version-history":[{"count":1,"href":"https:\/\/www.actualidadadiario.com\/index.php\/wp-json\/wp\/v2\/posts\/61123\/revisions"}],"predecessor-version":[{"id":61124,"href":"https:\/\/www.actualidadadiario.com\/index.php\/wp-json\/wp\/v2\/posts\/61123\/revisions\/61124"}],"wp:featuredmedia":[{"embeddable":true,"href":"https:\/\/www.actualidadadiario.com\/index.php\/wp-json\/wp\/v2\/media\/60403"}],"wp:attachment":[{"href":"https:\/\/www.actualidadadiario.com\/index.php\/wp-json\/wp\/v2\/media?parent=61123"}],"wp:term":[{"taxonomy":"category","embeddable":true,"href":"https:\/\/www.actualidadadiario.com\/index.php\/wp-json\/wp\/v2\/categories?post=61123"},{"taxonomy":"post_tag","embeddable":true,"href":"https:\/\/www.actualidadadiario.com\/index.php\/wp-json\/wp\/v2\/tags?post=61123"}],"curies":[{"name":"wp","href":"https:\/\/api.w.org\/{rel}","templated":true}]}}