{"id":61120,"date":"2020-05-07T13:26:10","date_gmt":"2020-05-07T16:26:10","guid":{"rendered":"https:\/\/www.actualidadadiario.com\/?p=61120"},"modified":"2020-05-07T13:26:10","modified_gmt":"2020-05-07T16:26:10","slug":"nicolas-trotta-no-se-va-a-poder-volver-con-normalidad-a-clases-hasta-que-no-se-encuentre-una-vacuna","status":"publish","type":"post","link":"https:\/\/www.actualidadadiario.com\/index.php\/2020\/05\/07\/nicolas-trotta-no-se-va-a-poder-volver-con-normalidad-a-clases-hasta-que-no-se-encuentre-una-vacuna\/","title":{"rendered":"Nicol\u00e1s Trotta: &#8220;No se va a poder volver con normalidad a clases hasta que no se encuentre una vacuna&#8221;"},"content":{"rendered":"<p style=\"text-align: center;\"><em><strong>El ministro de Educaci\u00f3n afirm\u00f3 que &#8220;no hay posibilidad&#8221; de regreso al ciclo lectivo en el corto plazo, pero que la vuelta &#8220;escalonada&#8221; es una alternativa posible<\/strong><\/em><\/p>\n<p>&nbsp;<\/p>\n<p>&nbsp;<\/p>\n<p>El ministro de Educaci\u00f3n de la Naci\u00f3n, Nicol\u00e1s Trotta, descart\u00f3 este jueves 7 de mayo un pronto regreso a clases y asegur\u00f3 que &#8220;no van a poder volver todos los estudiantes con normalidad hasta que no se encuentre una vacuna al coronavirus&#8221;. En ese sentido, remarc\u00f3 que el retorno al ciclo lectivo de forma &#8220;escalonada es una alternativa muy posible&#8221;.<\/p>\n<p>&#8220;Vamos a priorizar la vuelta de los que est\u00e1n terminando un ciclo de 7mo o 5to o los primeros tramos de la alfabetizaci\u00f3n&#8221;, afirm\u00f3 el funcionario en declaraciones a Habr\u00e1 Consecuencias, ciclo que se emite por El Destape Radio.<\/p>\n<p>&#8220;Tenemos que ser muy cuidadosos porque no queremos que se repitan en nuestro pa\u00eds las im\u00e1genes que escenas dram\u00e1ticas que vemos en otros pa\u00edses&#8221;, agreg\u00f3 el titular de la cartera educativa. Adem\u00e1s, recalc\u00f3 que &#8220;en Espa\u00f1a est\u00e1n volviendo escalonadamente, y con cada pa\u00eds que venimos hablando est\u00e1n tomando decisiones en ese camino&#8221;.<\/p>\n<p>En ese sentido, Trotta subray\u00f3 que &#8220;no hay posibilidad de que vuelvan las clases en el corto plazo&#8221; y que desde el Gobierno nacional est\u00e1n &#8220;trabajando en los protocolos de c\u00f3mo van a ser los ingresos a las escuelas, los distanciamiento&#8221;. Sobre este punto, aclar\u00f3: &#8220;No tenemos la certeza de cu\u00e1ndo vamos a volver y si seguimos en esta forma de educaci\u00f3n a distancia considero que tiene que haber d\u00edas de vacaciones&#8221;.<\/p>\n<p>Asimismo, el ministro afirm\u00f3 que los saberes que no se logren garantizar en el 2020 \u201clos tendremos que recuperar en 2021&#8243;. Adem\u00e1s, se refiri\u00f3 a la suspensi\u00f3n de las notas en algunos distritos, como la CABA: &#8220;En este momento m\u00e1s que calificar tenemos que evaluar los procesos y varias provincias est\u00e1n trabajando en eso. Es un momento de evaluar m\u00e1s que calificar con una nota&#8221;, asever\u00f3.<\/p>\n<p>Sobre los colegios privados, el ministro dijo: &#8220;Hay demoras en el pago de las cuotas en las escuelas privadas&#8221; y que &#8220;hay escuelas sin aporte del Estado que se pueden presentar para los pedidos de pagos de sueldos&#8221;.<\/p>\n","protected":false},"excerpt":{"rendered":"<p>El ministro de Educaci\u00f3n afirm\u00f3 que &#8220;no hay posibilidad&#8221; de regreso al ciclo lectivo en el corto plazo, pero que la vuelta &#8220;escalonada&#8221; es una alternativa posible &nbsp; &nbsp; El ministro de Educaci\u00f3n de la Naci\u00f3n, Nicol\u00e1s Trotta, descart\u00f3 este jueves 7 de mayo un pronto regreso a clases y asegur\u00f3 que &#8220;no van a poder volver todos los estudiantes con normalidad hasta que no se encuentre una vacuna al coronavirus&#8221;. En ese sentido, remarc\u00f3 que el retorno al ciclo lectivo de forma &#8220;escalonada es una alternativa muy posible&#8221;. &#8220;Vamos&#8230;<\/p>\n","protected":false},"author":3,"featured_media":61121,"comment_status":"closed","ping_status":"closed","sticky":false,"template":"","format":"standard","meta":[],"categories":[18],"tags":[],"_links":{"self":[{"href":"https:\/\/www.actualidadadiario.com\/index.php\/wp-json\/wp\/v2\/posts\/61120"}],"collection":[{"href":"https:\/\/www.actualidadadiario.com\/index.php\/wp-json\/wp\/v2\/posts"}],"about":[{"href":"https:\/\/www.actualidadadiario.com\/index.php\/wp-json\/wp\/v2\/types\/post"}],"author":[{"embeddable":true,"href":"https:\/\/www.actualidadadiario.com\/index.php\/wp-json\/wp\/v2\/users\/3"}],"replies":[{"embeddable":true,"href":"https:\/\/www.actualidadadiario.com\/index.php\/wp-json\/wp\/v2\/comments?post=61120"}],"version-history":[{"count":1,"href":"https:\/\/www.actualidadadiario.com\/index.php\/wp-json\/wp\/v2\/posts\/61120\/revisions"}],"predecessor-version":[{"id":61122,"href":"https:\/\/www.actualidadadiario.com\/index.php\/wp-json\/wp\/v2\/posts\/61120\/revisions\/61122"}],"wp:featuredmedia":[{"embeddable":true,"href":"https:\/\/www.actualidadadiario.com\/index.php\/wp-json\/wp\/v2\/media\/61121"}],"wp:attachment":[{"href":"https:\/\/www.actualidadadiario.com\/index.php\/wp-json\/wp\/v2\/media?parent=61120"}],"wp:term":[{"taxonomy":"category","embeddable":true,"href":"https:\/\/www.actualidadadiario.com\/index.php\/wp-json\/wp\/v2\/categories?post=61120"},{"taxonomy":"post_tag","embeddable":true,"href":"https:\/\/www.actualidadadiario.com\/index.php\/wp-json\/wp\/v2\/tags?post=61120"}],"curies":[{"name":"wp","href":"https:\/\/api.w.org\/{rel}","templated":true}]}}