{"id":61108,"date":"2020-05-07T13:23:03","date_gmt":"2020-05-07T16:23:03","guid":{"rendered":"https:\/\/www.actualidadadiario.com\/?p=61108"},"modified":"2020-05-07T13:23:22","modified_gmt":"2020-05-07T16:23:22","slug":"denunciaron-penalmente-a-la-mesa-judicial-de-macri-por-las-presiones-a-la-justicia-que-desnudo-una-jueza","status":"publish","type":"post","link":"https:\/\/www.actualidadadiario.com\/index.php\/2020\/05\/07\/denunciaron-penalmente-a-la-mesa-judicial-de-macri-por-las-presiones-a-la-justicia-que-desnudo-una-jueza\/","title":{"rendered":"Denunciaron penalmente a la &#8220;mesa judicial&#8221; de Macri por las presiones a la Justicia que desnud\u00f3 una jueza"},"content":{"rendered":"<p style=\"text-align: center;\"><em><strong>Diputados y senadores del Frente de Todos solicitaron que se investigue una &#8220;mesa judicial&#8221; que operaba bajo \u00f3rdenes del anterior gobierno para direccionar causas. Garavano, Mah\u00edques, Arribas, Angelici, Saravia Fr\u00edas, &#8220;Pep\u00edn&#8221; Sim\u00f3n, Clusellas, Torello y el propio ex presidente, los apuntados. Ocurre tras las presiones que revel\u00f3 Ana Mar\u00eda Figueroa<\/strong><\/em><\/p>\n<p>&nbsp;<\/p>\n<p>&nbsp;<\/p>\n<p>El esc\u00e1ndalo que estall\u00f3 tras la revelaci\u00f3n realizada por una jueza de presiones en su despacho por parte de un funcionario del Ministerio de Justicia del \u00faltimo gobierno no para de elevar sus dimensiones: diputados y senadores del Frente de Todos presentaron una denuncia penal para que se investigue la presunta interferencia de la &#8220;mesa judicial&#8221; que encabezaba Mauricio Macri en el funcionamiento del Poder Judicial bajo su mandato.<\/p>\n<p>En la presentaci\u00f3n, los denunciantes que con la llegada de Cambiemos a la Casa Rosada, y durante toda su administraci\u00f3n nacional, \u201cfueron desplegadas, desde distintos estamentos oficiales y sectores afines, diferentes maniobras destinadas a interferir sobre el normal funcionamiento del Poder Judicial de la Naci\u00f3n y direccionar el tr\u00e1mite de causas que le resultaban funcionales a sus intereses pol\u00edticos\u201d.<\/p>\n<p>&#8220;Fueron planificadas, dirigidas y ejecutadas desde una denominada Mesa Judicial; integrada nada m\u00e1s ni nada menos que por el ex Presidente de la Naci\u00f3n, funcionarios del gobierno y operadores judiciales, entre los que cabe mencionar, a t\u00edtulo enunciativo y no taxativo, al ex Ministro de Justicia y Derechos Humanos, Dr. Germ\u00e1n Garavano, el ex Secretario de Asuntos Penitenciarios, Subsecretario de Relaciones con el Poder Judicial y, a la vez, representante del Poder Ejecutivo ante el Consejo de la Magistratura de la Naci\u00f3n, Dr. Juan Bautista Mahiques, el ex titular de la AFI, escribano Gustavo Arribas, los ex Secretarios de Estado, Ores. Jos\u00e9 Torello y Pablo Clusellas, el ex Procurador del Tesoro de la Naci\u00f3n, Dr. Bernardo Saravia Fr\u00edas y los abogados Fabi\u00e1n (&#8220;Pep\u00edn&#8221;) Rodr\u00edguez Sim\u00f3n y Daniel Angelici\u201d, se precisa en el texto judicial.<\/p>\n<p>En la denuncia penal, que recay\u00f3 en el Juzgado Federal N\u00b02 de Daniel Rafecas y la Fiscal\u00eda a cargo de Federico Delgado, los legisladores hicieron menci\u00f3n a que la presentaci\u00f3n tiene que ver con las declaraciones radiales de la jueza federal Ana Mar\u00eda Figueroa, quien sostuvo que sufri\u00f3 presiones durante la gesti\u00f3n anterior y, m\u00e1s all\u00e1 de que se interpret\u00f3 que el funcionario que la visit\u00f3 en su despacho habr\u00eda sido Mah\u00edques, a\u00fan no est\u00e1 confirmado de qui\u00e9n se tratar\u00eda.<\/p>\n<p>&#8220;Sin perjuicio de las m\u00faltiples evidencias -incluso de dominio p\u00fablico- que han dado cuenta de la existencia de esta Mesa Judicial y de sus operaciones il\u00edcitas, por su relevancia institucional corresponde traer a consideraci\u00f3n aqu\u00ed el informe que fuera elaborado por el Relator Especial para la Independencia de Magistrados y Abogados de la Organizaci\u00f3n de las Naciones Unidas (ONU), Diego Garc\u00eda-Say\u00e1n, en el cual se describe de manera minuciosa, la existencia de un plan sistem\u00e1tico direccionado desde el poder pol\u00edtico para disciplinar jueces y obtener pronunciamientos judiciales afines a sus intereses espurios&#8221;, recordaron.<\/p>\n<p>Firman la denuncia penal los senadores Jos\u00e9 Mayans, Anabel Fern\u00e1ndez Sagasti, Mat\u00edas Rodr\u00edguez, Jorge Taiana, Mart\u00edn Do\u00f1ate, Mariano Recalde, Mar\u00eda de los \u00c1ngeles Sacnun, Guillermo Snopek, Mar\u00eda Teresa Gonz\u00e1lez y Ana Almir\u00f3n; y los diputados Jos\u00e9 Luis Gioja, Leopoldo Moreau, Josefina Gonz\u00e1lez, Mart\u00edn Soria, Rodolfo Tailhade, Marisa Uceda, Nicol\u00e1s Rodr\u00edguez Sa\u00e1 y Mar\u00eda Graciela Parola.<\/p>\n","protected":false},"excerpt":{"rendered":"<p>Diputados y senadores del Frente de Todos solicitaron que se investigue una &#8220;mesa judicial&#8221; que operaba bajo \u00f3rdenes del anterior gobierno para direccionar causas. Garavano, Mah\u00edques, Arribas, Angelici, Saravia Fr\u00edas, &#8220;Pep\u00edn&#8221; Sim\u00f3n, Clusellas, Torello y el propio ex presidente, los apuntados. Ocurre tras las presiones que revel\u00f3 Ana Mar\u00eda Figueroa &nbsp; &nbsp; El esc\u00e1ndalo que estall\u00f3 tras la revelaci\u00f3n realizada por una jueza de presiones en su despacho por parte de un funcionario del Ministerio de Justicia del \u00faltimo gobierno no para de elevar sus dimensiones: diputados y senadores del&#8230;<\/p>\n","protected":false},"author":3,"featured_media":61110,"comment_status":"closed","ping_status":"closed","sticky":false,"template":"","format":"standard","meta":[],"categories":[18],"tags":[],"_links":{"self":[{"href":"https:\/\/www.actualidadadiario.com\/index.php\/wp-json\/wp\/v2\/posts\/61108"}],"collection":[{"href":"https:\/\/www.actualidadadiario.com\/index.php\/wp-json\/wp\/v2\/posts"}],"about":[{"href":"https:\/\/www.actualidadadiario.com\/index.php\/wp-json\/wp\/v2\/types\/post"}],"author":[{"embeddable":true,"href":"https:\/\/www.actualidadadiario.com\/index.php\/wp-json\/wp\/v2\/users\/3"}],"replies":[{"embeddable":true,"href":"https:\/\/www.actualidadadiario.com\/index.php\/wp-json\/wp\/v2\/comments?post=61108"}],"version-history":[{"count":1,"href":"https:\/\/www.actualidadadiario.com\/index.php\/wp-json\/wp\/v2\/posts\/61108\/revisions"}],"predecessor-version":[{"id":61109,"href":"https:\/\/www.actualidadadiario.com\/index.php\/wp-json\/wp\/v2\/posts\/61108\/revisions\/61109"}],"wp:featuredmedia":[{"embeddable":true,"href":"https:\/\/www.actualidadadiario.com\/index.php\/wp-json\/wp\/v2\/media\/61110"}],"wp:attachment":[{"href":"https:\/\/www.actualidadadiario.com\/index.php\/wp-json\/wp\/v2\/media?parent=61108"}],"wp:term":[{"taxonomy":"category","embeddable":true,"href":"https:\/\/www.actualidadadiario.com\/index.php\/wp-json\/wp\/v2\/categories?post=61108"},{"taxonomy":"post_tag","embeddable":true,"href":"https:\/\/www.actualidadadiario.com\/index.php\/wp-json\/wp\/v2\/tags?post=61108"}],"curies":[{"name":"wp","href":"https:\/\/api.w.org\/{rel}","templated":true}]}}