{"id":61102,"date":"2020-05-07T13:21:22","date_gmt":"2020-05-07T16:21:22","guid":{"rendered":"https:\/\/www.actualidadadiario.com\/?p=61102"},"modified":"2020-05-07T13:21:22","modified_gmt":"2020-05-07T16:21:22","slug":"alberto-recibio-el-aval-de-los-expertos-para-una-etapa-de-reapertura-de-actividades","status":"publish","type":"post","link":"https:\/\/www.actualidadadiario.com\/index.php\/2020\/05\/07\/alberto-recibio-el-aval-de-los-expertos-para-una-etapa-de-reapertura-de-actividades\/","title":{"rendered":"Alberto recibi\u00f3 el aval de los expertos para &#8220;una etapa de reapertura&#8221; de actividades"},"content":{"rendered":"<p style=\"text-align: center;\"><em><strong>El Presidente recibi\u00f3 a los profesionales de la salud. Destacaron el \u00e9xito del aislamiento y recomendaron una salida progresiva desde el pr\u00f3ximo 10 de mayo<\/strong><\/em><\/p>\n<p>&nbsp;<\/p>\n<p>&nbsp;<\/p>\n<p>Alberto Fern\u00e1ndez volvi\u00f3 a recibir este mi\u00e9rcoles al comit\u00e9 de expertos en salud para analizar c\u00f3mo seguir\u00e1 el aislamiento social, preventivo y obligatorio decretado tras la llegada del coronavirus al pa\u00eds. El Presidente anunciar\u00e1 en los pr\u00f3ximos d\u00edas la extensi\u00f3n de la cuarentena que concluye el 10 de mayo. Por eso, escuch\u00f3 la opini\u00f3n de los profesionales y ahora hablar\u00e1 con los gobernadores, encargados de habilitar nuevas actividades por zona geogr\u00e1fica.<\/p>\n<p>Seg\u00fan se inform\u00f3 desde el Gobierno, el comit\u00e9 de expertos \u201cdestac\u00f3 el \u00e9xito de la cuarentena\u201d. En la reuni\u00f3n mantenida hoy en la Quinta de Olivos coincidieron con que se pudo ganar el tiempo necesario para preparar al sistema sanitario. Adem\u00e1s destacaron que \u201cla sociedad gan\u00f3 en conciencia y educaci\u00f3n sobre c\u00f3mo manejarse y cuidarse durante la pandemia\u201d.<\/p>\n<p>Por el comit\u00e9 participaron Pedro y Florencia Cahn; \u00c1ngela Spagnuolo de Gentile; Gonzalo Camargo; Gustavo Lopardo; Eduardo L\u00f3pez; Luis Camera, Mar\u00eda Marta Contrini; Tomas Orduna; Pablo Bonvehi y Javier Farina. Junto al Presidente estuvieron el jefe de Gabinete, Santiago Cafiero; el ministro de Salud, Gin\u00e9s Gonz\u00e1lez Garc\u00eda; la secretaria de Acceso a la Salud, Carla Vizzotti; la secretaria de Legal y T\u00e9cnica, Vilma Ibarra y el secretario de Asuntos Jur\u00eddicos, Gustavo Beliz.<\/p>\n<p>Desde Olivos se destall\u00f3 que en la reuni\u00f3n tambi\u00e9n se estuvo de acuerdo \u201cen que se viene una etapa de reapertura progresiva que permita retomar el trabajo y actividades locales\u201d y recomendaron continuar sin actividades masivas y con el transporte p\u00fablico con capacidad limitada. Se insisti\u00f3 adem\u00e1s con seguir con un \u201cextremo cuidado a los adultos mayores\u201d.<\/p>\n<p>Con el anuncio de la extensi\u00f3n de la cuarentena los eventos p\u00fablicos y privados que impliquen la concurrencia de muchas personas permanecer\u00e1n prohibidos, as\u00ed como el dictado de clases presenciales en todos los niveles tampoco se retomar\u00e1n. Tampoco se habilitar\u00e1n las aperturas de centros comerciales, cines y teatros. Las fronteras continuar\u00e1n cerradas y a\u00fan no est\u00e1 pensado que se vuelvan a habilitar los vuelos internos y colectivos de larga distancia.<\/p>\n<p>Esta semana, en el Gobierno se avanz\u00f3 con protocolos de salud y seguridad para que distintas actividades vuelvan a activarse. En los \u00faltimos d\u00edas, los Gobernadores avanzaron en las flexibilizaciones por sectores y zonas geogr\u00e1ficas. Esta metodolog\u00eda se repetir\u00e1 en las pr\u00f3ximas semanas en las que la cuarentena nacional se extienda.<\/p>\n","protected":false},"excerpt":{"rendered":"<p>El Presidente recibi\u00f3 a los profesionales de la salud. Destacaron el \u00e9xito del aislamiento y recomendaron una salida progresiva desde el pr\u00f3ximo 10 de mayo &nbsp; &nbsp; Alberto Fern\u00e1ndez volvi\u00f3 a recibir este mi\u00e9rcoles al comit\u00e9 de expertos en salud para analizar c\u00f3mo seguir\u00e1 el aislamiento social, preventivo y obligatorio decretado tras la llegada del coronavirus al pa\u00eds. El Presidente anunciar\u00e1 en los pr\u00f3ximos d\u00edas la extensi\u00f3n de la cuarentena que concluye el 10 de mayo. Por eso, escuch\u00f3 la opini\u00f3n de los profesionales y ahora hablar\u00e1 con los gobernadores,&#8230;<\/p>\n","protected":false},"author":3,"featured_media":61103,"comment_status":"closed","ping_status":"closed","sticky":false,"template":"","format":"standard","meta":[],"categories":[9],"tags":[],"_links":{"self":[{"href":"https:\/\/www.actualidadadiario.com\/index.php\/wp-json\/wp\/v2\/posts\/61102"}],"collection":[{"href":"https:\/\/www.actualidadadiario.com\/index.php\/wp-json\/wp\/v2\/posts"}],"about":[{"href":"https:\/\/www.actualidadadiario.com\/index.php\/wp-json\/wp\/v2\/types\/post"}],"author":[{"embeddable":true,"href":"https:\/\/www.actualidadadiario.com\/index.php\/wp-json\/wp\/v2\/users\/3"}],"replies":[{"embeddable":true,"href":"https:\/\/www.actualidadadiario.com\/index.php\/wp-json\/wp\/v2\/comments?post=61102"}],"version-history":[{"count":1,"href":"https:\/\/www.actualidadadiario.com\/index.php\/wp-json\/wp\/v2\/posts\/61102\/revisions"}],"predecessor-version":[{"id":61104,"href":"https:\/\/www.actualidadadiario.com\/index.php\/wp-json\/wp\/v2\/posts\/61102\/revisions\/61104"}],"wp:featuredmedia":[{"embeddable":true,"href":"https:\/\/www.actualidadadiario.com\/index.php\/wp-json\/wp\/v2\/media\/61103"}],"wp:attachment":[{"href":"https:\/\/www.actualidadadiario.com\/index.php\/wp-json\/wp\/v2\/media?parent=61102"}],"wp:term":[{"taxonomy":"category","embeddable":true,"href":"https:\/\/www.actualidadadiario.com\/index.php\/wp-json\/wp\/v2\/categories?post=61102"},{"taxonomy":"post_tag","embeddable":true,"href":"https:\/\/www.actualidadadiario.com\/index.php\/wp-json\/wp\/v2\/tags?post=61102"}],"curies":[{"name":"wp","href":"https:\/\/api.w.org\/{rel}","templated":true}]}}