{"id":61089,"date":"2020-05-07T13:17:49","date_gmt":"2020-05-07T16:17:49","guid":{"rendered":"https:\/\/www.actualidadadiario.com\/?p=61089"},"modified":"2020-05-07T13:17:49","modified_gmt":"2020-05-07T16:17:49","slug":"la-industria-se-derrumbo-168-en-marzo-y-la-construccion-cayo-mas-del-46","status":"publish","type":"post","link":"https:\/\/www.actualidadadiario.com\/index.php\/2020\/05\/07\/la-industria-se-derrumbo-168-en-marzo-y-la-construccion-cayo-mas-del-46\/","title":{"rendered":"La industria se derrumb\u00f3 16,8% en marzo y la construcci\u00f3n cay\u00f3 m\u00e1s del 46%"},"content":{"rendered":"<p style=\"text-align: center;\"><em><strong>Seg\u00fan el INDEC, el aislamiento obligatorio casi paraliz\u00f3 la actividad econ\u00f3mica<\/strong><\/em><\/p>\n<p>&nbsp;<\/p>\n<p>&nbsp;<\/p>\n<p>La producci\u00f3n industrial se derrumb\u00f3 16,8% en marzo respecto de igual mes del 2019, como consecuencia del aislamiento social obligatorio que casi paraliz\u00f3 la actividad econ\u00f3mica, mientras que la construcci\u00f3n cay\u00f3 m\u00e1s de 46%, inform\u00f3 hoy el INDEC.<\/p>\n<p>El \u00cdndice de Producci\u00f3n Industrial Manufacturero registr\u00f3 en el acumulado del primer trimestre del a\u00f1o una contracci\u00f3n del 6,4% respecto de igual per\u00edodo del a\u00f1o pasado.<\/p>\n<p>El indicador de marzo, en comparaci\u00f3n con febrero, muestra una variaci\u00f3n negativa de 17%.<\/p>\n<p>El organismo se\u00f1al\u00f3 que &#8220;las limitaciones operativas de la industria manufacturera, producto del aislamiento social, preventivo y obligatorio, afectaron e incidieron en forma parcial en una primera etapa y de forma muy marcada sobre el final de marzo&#8221;.<\/p>\n<p>En tanto, la construcci\u00f3n sufri\u00f3 en marzo una estrepitosa ca\u00edda del 46,8% interanual.<\/p>\n<p>Seg\u00fan inform\u00f3 el INDEC, en marzo el Indicador Sint\u00e9tico de la Actividad de la Construcci\u00f3n (ISAC) muestra una ca\u00edda en el acumulado del primer trimestre del 28,1% respecto de igual per\u00edodo del 2019.<\/p>\n<p>En la comparaci\u00f3n de marzo pasado con febrero, el \u00edndice de la serie desestacionalizada muestra una variaci\u00f3n negativa de 32,3%.<\/p>\n<p>Seg\u00fan la encuesta cualitativa del sector el 93% de las empresas que se desempe\u00f1an en el sector privado y el 81,2% de las que se dedican a la obra p\u00fablica, estimaron que el nivel de actividad seguir\u00e1 cayendo en el segundo semestre del a\u00f1o.<\/p>\n<p>En marzo el sector recibi\u00f3 un impacto parcial de las medidas del gobierno que frenaron la actividad, por lo que en abril los indicadores se habr\u00edan seguido deteriorando.<\/p>\n","protected":false},"excerpt":{"rendered":"<p>Seg\u00fan el INDEC, el aislamiento obligatorio casi paraliz\u00f3 la actividad econ\u00f3mica &nbsp; &nbsp; La producci\u00f3n industrial se derrumb\u00f3 16,8% en marzo respecto de igual mes del 2019, como consecuencia del aislamiento social obligatorio que casi paraliz\u00f3 la actividad econ\u00f3mica, mientras que la construcci\u00f3n cay\u00f3 m\u00e1s de 46%, inform\u00f3 hoy el INDEC. El \u00cdndice de Producci\u00f3n Industrial Manufacturero registr\u00f3 en el acumulado del primer trimestre del a\u00f1o una contracci\u00f3n del 6,4% respecto de igual per\u00edodo del a\u00f1o pasado. El indicador de marzo, en comparaci\u00f3n con febrero, muestra una variaci\u00f3n negativa de&#8230;<\/p>\n","protected":false},"author":3,"featured_media":7563,"comment_status":"closed","ping_status":"closed","sticky":false,"template":"","format":"standard","meta":[],"categories":[2],"tags":[],"_links":{"self":[{"href":"https:\/\/www.actualidadadiario.com\/index.php\/wp-json\/wp\/v2\/posts\/61089"}],"collection":[{"href":"https:\/\/www.actualidadadiario.com\/index.php\/wp-json\/wp\/v2\/posts"}],"about":[{"href":"https:\/\/www.actualidadadiario.com\/index.php\/wp-json\/wp\/v2\/types\/post"}],"author":[{"embeddable":true,"href":"https:\/\/www.actualidadadiario.com\/index.php\/wp-json\/wp\/v2\/users\/3"}],"replies":[{"embeddable":true,"href":"https:\/\/www.actualidadadiario.com\/index.php\/wp-json\/wp\/v2\/comments?post=61089"}],"version-history":[{"count":1,"href":"https:\/\/www.actualidadadiario.com\/index.php\/wp-json\/wp\/v2\/posts\/61089\/revisions"}],"predecessor-version":[{"id":61090,"href":"https:\/\/www.actualidadadiario.com\/index.php\/wp-json\/wp\/v2\/posts\/61089\/revisions\/61090"}],"wp:featuredmedia":[{"embeddable":true,"href":"https:\/\/www.actualidadadiario.com\/index.php\/wp-json\/wp\/v2\/media\/7563"}],"wp:attachment":[{"href":"https:\/\/www.actualidadadiario.com\/index.php\/wp-json\/wp\/v2\/media?parent=61089"}],"wp:term":[{"taxonomy":"category","embeddable":true,"href":"https:\/\/www.actualidadadiario.com\/index.php\/wp-json\/wp\/v2\/categories?post=61089"},{"taxonomy":"post_tag","embeddable":true,"href":"https:\/\/www.actualidadadiario.com\/index.php\/wp-json\/wp\/v2\/tags?post=61089"}],"curies":[{"name":"wp","href":"https:\/\/api.w.org\/{rel}","templated":true}]}}