{"id":61087,"date":"2020-05-07T13:17:09","date_gmt":"2020-05-07T16:17:09","guid":{"rendered":"https:\/\/www.actualidadadiario.com\/?p=61087"},"modified":"2020-05-07T13:17:09","modified_gmt":"2020-05-07T16:17:09","slug":"mas-empresas-podran-acceder-al-programa-de-pago-de-sueldos-cuales-son-los-nuevos-requisitos","status":"publish","type":"post","link":"https:\/\/www.actualidadadiario.com\/index.php\/2020\/05\/07\/mas-empresas-podran-acceder-al-programa-de-pago-de-sueldos-cuales-son-los-nuevos-requisitos\/","title":{"rendered":"M\u00e1s empresas podr\u00e1n acceder al programa de pago de sueldos: cu\u00e1les son los nuevos requisitos"},"content":{"rendered":"<p style=\"text-align: center;\"><em><strong>El Gobierno ampli\u00f3 la cobertura de empresas y sectores a los permitir\u00e1 acceder al plan de\u00a0 Emergencia de Asistencia al Trabajo y la Producci\u00f3n (ATP) para el pago de la mitad de los salarios de abril<\/strong><\/em><\/p>\n<p>&nbsp;<\/p>\n<p>Mientras se define una nueva estrategia de flexibilizaci\u00f3n de cuarentena por coronavirus, el Comit\u00e9 de Evaluaci\u00f3n y Monitoreo del Programa de Asistencia multiministerial incorpor\u00f3 a empresas con m\u00e1s de 800 empleados y nuevas firmas que hayan iniciado sus operaciones en abril. Adem\u00e1s, se podr\u00e1 solicitar la asistencia con s\u00f3lo demostrar una ca\u00edda en la facturaci\u00f3n.<\/p>\n<p>&#8220;Despu\u00e9s de un an\u00e1lisis m\u00e1s pormenorizado, se permiti\u00f3 comprobar que existen otros sectores que hasta ahora no hab\u00edan sido incluidos y que tambi\u00e9n presentan niveles elevados de afectaci\u00f3n&#8221;, indica la decisi\u00f3n administrativa 721\/2020 publicada este jueves en el Bolet\u00edn Oficial.<\/p>\n<p>De esta manera, la flexibilizaci\u00f3n de los requisitos para acceder al programa ampl\u00eda la posibilidad a sectores que aun siendo considerados dentro de la n\u00f3mina de actividades esenciales, hayan experimentado bajas en su facturaci\u00f3n. Entre ellas, se destacan las empresas de productos alimenticios, de elementos del rubro medicinal y las econom\u00edas regionales.<\/p>\n<p>As\u00ed, podr\u00e1n acceder al ATP las firmas que hubiesen tenido aumento en la facturaci\u00f3n de hasta 5% nominal en el mismo per\u00edodo, pero que contemplando el \u00edndice inflacionario, ahora s\u00f3lo bastar\u00e1 con una p\u00e9rdida cercana al 20 por ciento.<\/p>\n<p>&#8220;La pandemia del coronavirus est\u00e1 generando profundos impactos en la econom\u00eda mundial, por lo que debe cumplirse el objetivo de preservar las capacidades organizacionales de las empresas atendiendo a criterios de costo-efectividad, esto es, maximizando la eficiencia en el uso de los recursos p\u00fablicos&#8221;, detalla la nueva disposici\u00f3n.<\/p>\n<p>Se estima que con la nueva apertura de requisitos, se incremente el n\u00famero de empresas que soliciten su incorporaci\u00f3n. Hasta el momento 1,7 millones de firmas han sido evaluadas despu\u00e9s para el acceso al programa.<\/p>\n","protected":false},"excerpt":{"rendered":"<p>El Gobierno ampli\u00f3 la cobertura de empresas y sectores a los permitir\u00e1 acceder al plan de\u00a0 Emergencia de Asistencia al Trabajo y la Producci\u00f3n (ATP) para el pago de la mitad de los salarios de abril &nbsp; Mientras se define una nueva estrategia de flexibilizaci\u00f3n de cuarentena por coronavirus, el Comit\u00e9 de Evaluaci\u00f3n y Monitoreo del Programa de Asistencia multiministerial incorpor\u00f3 a empresas con m\u00e1s de 800 empleados y nuevas firmas que hayan iniciado sus operaciones en abril. Adem\u00e1s, se podr\u00e1 solicitar la asistencia con s\u00f3lo demostrar una ca\u00edda en&#8230;<\/p>\n","protected":false},"author":3,"featured_media":20080,"comment_status":"closed","ping_status":"closed","sticky":false,"template":"","format":"standard","meta":[],"categories":[2],"tags":[],"_links":{"self":[{"href":"https:\/\/www.actualidadadiario.com\/index.php\/wp-json\/wp\/v2\/posts\/61087"}],"collection":[{"href":"https:\/\/www.actualidadadiario.com\/index.php\/wp-json\/wp\/v2\/posts"}],"about":[{"href":"https:\/\/www.actualidadadiario.com\/index.php\/wp-json\/wp\/v2\/types\/post"}],"author":[{"embeddable":true,"href":"https:\/\/www.actualidadadiario.com\/index.php\/wp-json\/wp\/v2\/users\/3"}],"replies":[{"embeddable":true,"href":"https:\/\/www.actualidadadiario.com\/index.php\/wp-json\/wp\/v2\/comments?post=61087"}],"version-history":[{"count":1,"href":"https:\/\/www.actualidadadiario.com\/index.php\/wp-json\/wp\/v2\/posts\/61087\/revisions"}],"predecessor-version":[{"id":61088,"href":"https:\/\/www.actualidadadiario.com\/index.php\/wp-json\/wp\/v2\/posts\/61087\/revisions\/61088"}],"wp:featuredmedia":[{"embeddable":true,"href":"https:\/\/www.actualidadadiario.com\/index.php\/wp-json\/wp\/v2\/media\/20080"}],"wp:attachment":[{"href":"https:\/\/www.actualidadadiario.com\/index.php\/wp-json\/wp\/v2\/media?parent=61087"}],"wp:term":[{"taxonomy":"category","embeddable":true,"href":"https:\/\/www.actualidadadiario.com\/index.php\/wp-json\/wp\/v2\/categories?post=61087"},{"taxonomy":"post_tag","embeddable":true,"href":"https:\/\/www.actualidadadiario.com\/index.php\/wp-json\/wp\/v2\/tags?post=61087"}],"curies":[{"name":"wp","href":"https:\/\/api.w.org\/{rel}","templated":true}]}}