{"id":61081,"date":"2020-05-07T13:15:41","date_gmt":"2020-05-07T16:15:41","guid":{"rendered":"https:\/\/www.actualidadadiario.com\/?p=61081"},"modified":"2020-05-07T13:15:41","modified_gmt":"2020-05-07T16:15:41","slug":"oficializaron-a-urribarri-como-embajador-argentino-en-israel","status":"publish","type":"post","link":"https:\/\/www.actualidadadiario.com\/index.php\/2020\/05\/07\/oficializaron-a-urribarri-como-embajador-argentino-en-israel\/","title":{"rendered":"Oficializaron a Urribarri como embajador argentino en Israel"},"content":{"rendered":"<p style=\"text-align: center;\"><em><strong>El Gobierno nacional oficializ\u00f3 este jueves la designaci\u00f3n del exgobernador Sergio Urribarri como embajador argentino ante Israel \u00b7 \u201cEs un honor inmenso representar a nuestro pa\u00eds y estoy absolutamente comprometido con la tarea que tengo por delante\u201d, hab\u00eda asegurado tras el paso de su pliego por el Senado nacional<\/strong><\/em><\/p>\n<p>&nbsp;<\/p>\n<p>&nbsp;<\/p>\n<p>El Gobierno nacional que conduce Alberto Fern\u00e1ndez oficializ\u00f3 la designaci\u00f3n del ex gobernador de Entre R\u00edos Sergio Urribarri como embajador argentino ante Israel y al ex ministro de Justicia Alberto Iribarne como representante ante Uruguay.<\/p>\n<p>La designaci\u00f3n de Urribarri se oficializ\u00f3 a trav\u00e9s del Decreto N\u00ba 438\/2020 y lleva la firma de Fern\u00e1ndez, Santiago Cafiero y Felipe Sol\u00e1.<\/p>\n<p>Cabe recordar que el pliego de Urribarri hab\u00eda sido aprobado a mediados de febrero por la C\u00e1mara de Senadores de la Naci\u00f3n.<\/p>\n<p>En esa oportunidad le agradeci\u00f3 al presidente Alberto Fern\u00e1ndez \u201cpor la oportunidad de trabajar para contribuir al desarrollo productivo y la integraci\u00f3n global\u201d.<\/p>\n<p>\u201cEstoy absolutamente comprometido con la tarea que tengo por delante\u201d, asegur\u00f3.<\/p>\n","protected":false},"excerpt":{"rendered":"<p>El Gobierno nacional oficializ\u00f3 este jueves la designaci\u00f3n del exgobernador Sergio Urribarri como embajador argentino ante Israel \u00b7 \u201cEs un honor inmenso representar a nuestro pa\u00eds y estoy absolutamente comprometido con la tarea que tengo por delante\u201d, hab\u00eda asegurado tras el paso de su pliego por el Senado nacional &nbsp; &nbsp; El Gobierno nacional que conduce Alberto Fern\u00e1ndez oficializ\u00f3 la designaci\u00f3n del ex gobernador de Entre R\u00edos Sergio Urribarri como embajador argentino ante Israel y al ex ministro de Justicia Alberto Iribarne como representante ante Uruguay. La designaci\u00f3n de Urribarri&#8230;<\/p>\n","protected":false},"author":3,"featured_media":61082,"comment_status":"closed","ping_status":"closed","sticky":false,"template":"","format":"standard","meta":[],"categories":[15],"tags":[],"_links":{"self":[{"href":"https:\/\/www.actualidadadiario.com\/index.php\/wp-json\/wp\/v2\/posts\/61081"}],"collection":[{"href":"https:\/\/www.actualidadadiario.com\/index.php\/wp-json\/wp\/v2\/posts"}],"about":[{"href":"https:\/\/www.actualidadadiario.com\/index.php\/wp-json\/wp\/v2\/types\/post"}],"author":[{"embeddable":true,"href":"https:\/\/www.actualidadadiario.com\/index.php\/wp-json\/wp\/v2\/users\/3"}],"replies":[{"embeddable":true,"href":"https:\/\/www.actualidadadiario.com\/index.php\/wp-json\/wp\/v2\/comments?post=61081"}],"version-history":[{"count":1,"href":"https:\/\/www.actualidadadiario.com\/index.php\/wp-json\/wp\/v2\/posts\/61081\/revisions"}],"predecessor-version":[{"id":61083,"href":"https:\/\/www.actualidadadiario.com\/index.php\/wp-json\/wp\/v2\/posts\/61081\/revisions\/61083"}],"wp:featuredmedia":[{"embeddable":true,"href":"https:\/\/www.actualidadadiario.com\/index.php\/wp-json\/wp\/v2\/media\/61082"}],"wp:attachment":[{"href":"https:\/\/www.actualidadadiario.com\/index.php\/wp-json\/wp\/v2\/media?parent=61081"}],"wp:term":[{"taxonomy":"category","embeddable":true,"href":"https:\/\/www.actualidadadiario.com\/index.php\/wp-json\/wp\/v2\/categories?post=61081"},{"taxonomy":"post_tag","embeddable":true,"href":"https:\/\/www.actualidadadiario.com\/index.php\/wp-json\/wp\/v2\/tags?post=61081"}],"curies":[{"name":"wp","href":"https:\/\/api.w.org\/{rel}","templated":true}]}}