{"id":61078,"date":"2020-05-07T13:15:03","date_gmt":"2020-05-07T16:15:03","guid":{"rendered":"https:\/\/www.actualidadadiario.com\/?p=61078"},"modified":"2020-05-07T13:15:03","modified_gmt":"2020-05-07T16:15:03","slug":"los-diputados-nacionales-entrerrianos-participaran-de-la-sesion-desde-el-recinto-del-senado-provincial","status":"publish","type":"post","link":"https:\/\/www.actualidadadiario.com\/index.php\/2020\/05\/07\/los-diputados-nacionales-entrerrianos-participaran-de-la-sesion-desde-el-recinto-del-senado-provincial\/","title":{"rendered":"Los diputados nacionales entrerrianos participar\u00e1n de la sesi\u00f3n desde el recinto del Senado provincial"},"content":{"rendered":"<p style=\"text-align: center;\"><em><strong>Los diputados por Entre R\u00edos de todos los bloques lo realizar\u00e1n de manera remota desde el Senado de la Provincia. &#8220;Agradecemos el gesto del Gobernador y la Vicegobernadora por ofrecernos la C\u00e1mara de Senadores, todo el personal y equipamiento para la sesi\u00f3n&#8221;, afirm\u00f3 el diputado Marcelo Casaretto<\/strong><\/em><\/p>\n<p>&nbsp;<\/p>\n<p>\u201cEn la reuni\u00f3n de la Labor Parlamentaria se acord\u00f3 el desarrollo de una sesi\u00f3n este mi\u00e9rcoles desde las 17, pero no va a tener inicialmente el tratamiento de alg\u00fan tema en especial, sino que va a ser de capacitaci\u00f3n en la Ley Micaela; y para realizar la prueba y los ajustes finales para la sesi\u00f3n de este jueves&#8221;, indic\u00f3 Casaretto.<\/p>\n<p>&#8220;Si todo sale bien, este jueves ya estaremos sesionando y comenzando a tratar proyectos de ley. Nosotros acordamos con el Gobernador y la Vicegobernadora de Entre R\u00edos sesionar en el Senado provincial, en Paran\u00e1. Ah\u00ed estaremos los diputados nacionales de todos los bloques a efectos de tener asistencia t\u00e9cnica y recursos tecnol\u00f3gicos. De esta manera estar\u00edamos todos conectados en forma telem\u00e1tica con la C\u00e1mara de Diputados de la Naci\u00f3n donde estar\u00e1n presentes el presidente de la c\u00e1mara y diputados en representaci\u00f3n de los bloques&#8221;, explic\u00f3 Casaretto.<\/p>\n<p>Por \u00faltimo, se\u00f1al\u00f3 que &#8220;hay varios temas para tratar, sobre todo relacionados con la pandemia, como la excepci\u00f3n del impuesto a las ganancias para trabajadores y profesionales de la salud&#8221; y detall\u00f3: &#8220;En esta semana presentamos con la diputada Vallejos un proyecto de ley con la suspensi\u00f3n de los cortes de servicios de telefon\u00eda, de celulares, cable; y tambi\u00e9n retrotraer los aumentos que se han dado en el marco de la pandemia. Hubo aumentos del 30 y 35 por ciento de los servicios, lo cual es admisible en un contexto donde est\u00e1n bajando los precios de la econom\u00eda y no puede ser que ciertos sectores tengan una ventaja, por m\u00e1s que lo hayan tenido previsto de antes. Son cosas que la gente no puede pagar&#8221;, enfatiz\u00f3.<\/p>\n","protected":false},"excerpt":{"rendered":"<p>Los diputados por Entre R\u00edos de todos los bloques lo realizar\u00e1n de manera remota desde el Senado de la Provincia. &#8220;Agradecemos el gesto del Gobernador y la Vicegobernadora por ofrecernos la C\u00e1mara de Senadores, todo el personal y equipamiento para la sesi\u00f3n&#8221;, afirm\u00f3 el diputado Marcelo Casaretto &nbsp; \u201cEn la reuni\u00f3n de la Labor Parlamentaria se acord\u00f3 el desarrollo de una sesi\u00f3n este mi\u00e9rcoles desde las 17, pero no va a tener inicialmente el tratamiento de alg\u00fan tema en especial, sino que va a ser de capacitaci\u00f3n en la Ley&#8230;<\/p>\n","protected":false},"author":3,"featured_media":61079,"comment_status":"closed","ping_status":"closed","sticky":false,"template":"","format":"standard","meta":[],"categories":[15],"tags":[],"_links":{"self":[{"href":"https:\/\/www.actualidadadiario.com\/index.php\/wp-json\/wp\/v2\/posts\/61078"}],"collection":[{"href":"https:\/\/www.actualidadadiario.com\/index.php\/wp-json\/wp\/v2\/posts"}],"about":[{"href":"https:\/\/www.actualidadadiario.com\/index.php\/wp-json\/wp\/v2\/types\/post"}],"author":[{"embeddable":true,"href":"https:\/\/www.actualidadadiario.com\/index.php\/wp-json\/wp\/v2\/users\/3"}],"replies":[{"embeddable":true,"href":"https:\/\/www.actualidadadiario.com\/index.php\/wp-json\/wp\/v2\/comments?post=61078"}],"version-history":[{"count":1,"href":"https:\/\/www.actualidadadiario.com\/index.php\/wp-json\/wp\/v2\/posts\/61078\/revisions"}],"predecessor-version":[{"id":61080,"href":"https:\/\/www.actualidadadiario.com\/index.php\/wp-json\/wp\/v2\/posts\/61078\/revisions\/61080"}],"wp:featuredmedia":[{"embeddable":true,"href":"https:\/\/www.actualidadadiario.com\/index.php\/wp-json\/wp\/v2\/media\/61079"}],"wp:attachment":[{"href":"https:\/\/www.actualidadadiario.com\/index.php\/wp-json\/wp\/v2\/media?parent=61078"}],"wp:term":[{"taxonomy":"category","embeddable":true,"href":"https:\/\/www.actualidadadiario.com\/index.php\/wp-json\/wp\/v2\/categories?post=61078"},{"taxonomy":"post_tag","embeddable":true,"href":"https:\/\/www.actualidadadiario.com\/index.php\/wp-json\/wp\/v2\/tags?post=61078"}],"curies":[{"name":"wp","href":"https:\/\/api.w.org\/{rel}","templated":true}]}}