{"id":61075,"date":"2020-05-07T13:14:24","date_gmt":"2020-05-07T16:14:24","guid":{"rendered":"https:\/\/www.actualidadadiario.com\/?p=61075"},"modified":"2020-05-07T13:14:24","modified_gmt":"2020-05-07T16:14:24","slug":"diputados-avanzara-este-jueves-en-el-proyecto-para-incorporar-al-iosper-al-personal-de-las-comunas","status":"publish","type":"post","link":"https:\/\/www.actualidadadiario.com\/index.php\/2020\/05\/07\/diputados-avanzara-este-jueves-en-el-proyecto-para-incorporar-al-iosper-al-personal-de-las-comunas\/","title":{"rendered":"Diputados avanzar\u00e1 este jueves en el proyecto para incorporar al Iosper al personal de las comunas"},"content":{"rendered":"<p style=\"text-align: center;\"><em><strong>La iniciativa permite la incorporaci\u00f3n del personal de las comunas a la obra social Iosper, al sistema de la Caja de Jubilaciones y a los beneficios de la Ley 3011 de Seguro de Vida Solidario. La decisi\u00f3n se tom\u00f3 en la reuni\u00f3n de labor parlamentaria que Giano mantuvo este mi\u00e9rcoles con los presidentes de los distintos bloques legislativos<\/strong><\/em><\/p>\n<p>&nbsp;<\/p>\n<p>&nbsp;<\/p>\n<p>El presidente de la C\u00e1mara de Diputados, \u00c1ngel Giano, y los titulares de los distintos bloques legislativos Gustavo Cusinato (UCR), Esteban Vitor (PRO), Juan Navarro (PJ-Frente Creer) y Juan Domingo Zacar\u00edas (Movimiento Social Entrerriano -junto al secretario y prosecretario del \u00f3rgano legislativo- mantuvieron este mi\u00e9rcoles a las 18 la reuni\u00f3n de labor parlamentaria en la que acordaron los temas a tratar en la sesi\u00f3n que tendr\u00e1 lugar este jueves a las 11.<\/p>\n<p>Uno de los proyectos que se va a tratar -y a aprobar este jueves- apunta a modificar el art\u00edculo 48\u00ba de la Ley de R\u00e9gimen Comunal para permitir la incorporaci\u00f3n del personal de las comunas a la obra social Iosper, al sistema de la Caja de Jubilaciones y a los beneficios de la Ley 3.011 de Seguro de Vida Solidario.<\/p>\n<p>El presidente del bloque del PJ, Juan Reynaldo Navarro, sostuvo que \u201chubo muchos intentos por parte de las comunas para incorporarse al Iosper, pero la obra social los ven\u00eda rechazando bajo el argumento de que se necesitaba un instrumento legal para poder hacerlo\u201d. Fue en este marco que la Legislatura decidi\u00f3 avanzar en una norma que habilite esta posibilidad,<\/p>\n<p>De convertirse en ley, \u201ctodos aquellos que cobren un salario mensual quedar\u00e1n afiliados al Iosper, aportar\u00e1n a la Caja de Jubilaciones y tendr\u00e1n la opci\u00f3n de poder hacer un convenio o no para acceder a los beneficios de la 3.011\u201d, detall\u00f3 Navarro.<\/p>\n<p>Por su parte, el presidente del Bloque de la UCR, Gustavo Cusinato, record\u00f3 que hab\u00eda dos proyectos sobre el tema (uno del radical Juli\u00e1n Maneiro y otro del propio Navarro) y se decidi\u00f3 avanzar con el presentado por el diputado oficialista, al que se sumaron aportes de los distntos bloques.<\/p>\n<p>\u201cEsta ley trae legalidad a la incorporaci\u00f3n de los funcionarios y empleados de las comunas entrerrianas al Iosper\u201d, subray\u00f3 luego.<\/p>\n<p>En tanto, el titular de la bancada del PRO, Esteban Vitor, adelant\u00f3 que la iniciativa \u201cva a salir por unanimidad\u201d debido a que \u201chemos alcanzado los consensos necesarios\u201d para hacerlo.<\/p>\n<p>&nbsp;<\/p>\n<p><strong>\u201cLa democracia digital lleg\u00f3 para quedarse\u201d<\/strong><\/p>\n<p>Tras el encuentro, Giano destac\u00f3 que -adem\u00e1s de consensuar los temas a abordar en la sesi\u00f3n de este jueves- se acord\u00f3 \u201cseguir avanzando en la digitalizaci\u00f3n de la labor legislativa\u201d.<\/p>\n<p>En tal sentido, adelant\u00f3 que \u201cse incorpora el sistema de mano alzada, que se va a estar viendo en los monitores\u201d<\/p>\n<p>\u201cEn caso de que surja alg\u00fan problema t\u00e9cnico, vamos a contemplar la posibilidad de que se pueda votar a trav\u00e9s de una suerte de wathsapp por la afirmativa o la negativa\u201d, se\u00f1al\u00f3 Giano, quien indic\u00f3 que estas novedades responden a un aporte realizado por el diputado Vitor, en funci\u00f3n de un sistema que se utiliza en la provincia de Mendoza.<\/p>\n<p>\u201cEsta democracia digital ya llegado para quedarse\u201d, expres\u00f3 el Presidente de la C\u00e1mara de Diputados y adelant\u00f3 que se adquiri\u00f3 la tecnolog\u00eda necesaria para que \u201ctodos los diputados y diputadas puedan contar con la firma digital\u201d. Adem\u00e1s se avanz\u00f3 durante la semana en lo que respecta a la notificaci\u00f3n electr\u00f3nica.<\/p>\n<p>Tambi\u00e9n Vitor hizo referencia a la actualizaci\u00f3n tecnol\u00f3gica de la C\u00e1mara de Diputados y, en tal sentido, mencion\u00f3 las reuniones virtuales que estos d\u00edas los miembro de la C\u00e1mara pudieron mantener con el Presidente del Iosper y el Defensor General.<\/p>\n","protected":false},"excerpt":{"rendered":"<p>La iniciativa permite la incorporaci\u00f3n del personal de las comunas a la obra social Iosper, al sistema de la Caja de Jubilaciones y a los beneficios de la Ley 3011 de Seguro de Vida Solidario. La decisi\u00f3n se tom\u00f3 en la reuni\u00f3n de labor parlamentaria que Giano mantuvo este mi\u00e9rcoles con los presidentes de los distintos bloques legislativos &nbsp; &nbsp; El presidente de la C\u00e1mara de Diputados, \u00c1ngel Giano, y los titulares de los distintos bloques legislativos Gustavo Cusinato (UCR), Esteban Vitor (PRO), Juan Navarro (PJ-Frente Creer) y Juan Domingo&#8230;<\/p>\n","protected":false},"author":3,"featured_media":61076,"comment_status":"closed","ping_status":"closed","sticky":false,"template":"","format":"standard","meta":[],"categories":[15],"tags":[],"_links":{"self":[{"href":"https:\/\/www.actualidadadiario.com\/index.php\/wp-json\/wp\/v2\/posts\/61075"}],"collection":[{"href":"https:\/\/www.actualidadadiario.com\/index.php\/wp-json\/wp\/v2\/posts"}],"about":[{"href":"https:\/\/www.actualidadadiario.com\/index.php\/wp-json\/wp\/v2\/types\/post"}],"author":[{"embeddable":true,"href":"https:\/\/www.actualidadadiario.com\/index.php\/wp-json\/wp\/v2\/users\/3"}],"replies":[{"embeddable":true,"href":"https:\/\/www.actualidadadiario.com\/index.php\/wp-json\/wp\/v2\/comments?post=61075"}],"version-history":[{"count":1,"href":"https:\/\/www.actualidadadiario.com\/index.php\/wp-json\/wp\/v2\/posts\/61075\/revisions"}],"predecessor-version":[{"id":61077,"href":"https:\/\/www.actualidadadiario.com\/index.php\/wp-json\/wp\/v2\/posts\/61075\/revisions\/61077"}],"wp:featuredmedia":[{"embeddable":true,"href":"https:\/\/www.actualidadadiario.com\/index.php\/wp-json\/wp\/v2\/media\/61076"}],"wp:attachment":[{"href":"https:\/\/www.actualidadadiario.com\/index.php\/wp-json\/wp\/v2\/media?parent=61075"}],"wp:term":[{"taxonomy":"category","embeddable":true,"href":"https:\/\/www.actualidadadiario.com\/index.php\/wp-json\/wp\/v2\/categories?post=61075"},{"taxonomy":"post_tag","embeddable":true,"href":"https:\/\/www.actualidadadiario.com\/index.php\/wp-json\/wp\/v2\/tags?post=61075"}],"curies":[{"name":"wp","href":"https:\/\/api.w.org\/{rel}","templated":true}]}}