{"id":61072,"date":"2020-05-07T13:13:36","date_gmt":"2020-05-07T16:13:36","guid":{"rendered":"https:\/\/www.actualidadadiario.com\/?p=61072"},"modified":"2020-05-07T13:13:36","modified_gmt":"2020-05-07T16:13:36","slug":"lanzan-accion-de-emergencia-ante-el-aumento-de-casos-de-victimas-de-violencia-en-cuarentena","status":"publish","type":"post","link":"https:\/\/www.actualidadadiario.com\/index.php\/2020\/05\/07\/lanzan-accion-de-emergencia-ante-el-aumento-de-casos-de-victimas-de-violencia-en-cuarentena\/","title":{"rendered":"Lanzan acci\u00f3n de emergencia ante el aumento de casos de v\u00edctimas de violencia en cuarentena"},"content":{"rendered":"<p style=\"text-align: center;\"><em><strong>Debido al aumento de situaciones de violencia familiar y contra la mujer durante la cuarentena sanitaria por Covid-19, la Oficina de Violencia de G\u00e9nero del Superior Tribunal de Justicia de Entre R\u00edos (STJER) y la Facultad de Trabajo Social de la UNER desarrollan, de manera conjunta, una acci\u00f3n de extensi\u00f3n de emergencia hasta el mes de julio para prevenir y abordar estas situaciones<\/strong><\/em><\/p>\n<p>&nbsp;<\/p>\n<p>&nbsp;<\/p>\n<p>La acci\u00f3n que se implementa bajo el hashtag #Mequedoencasa#Sinviolencia, se dar\u00e1 difusi\u00f3n a campa\u00f1as de prevenci\u00f3n de situaciones de violencia familiar y contra la mujer como al formulario on line de denuncia del Poder Judicial.\u00a0 Esto posibilita dar a conocer los derechos de las personas que sufren malos tratos y facilitar el acceso de las v\u00edctimas al servicio de Justicia.<\/p>\n<p>La decisi\u00f3n pol\u00edtico institucional del STJ y de la UNER de sostener las iniciativas construidas colectivamente, en red, con los sectores de la poblaci\u00f3n m\u00e1s afectados, es el compromiso que se asume desde estos organismos; reconociendo a su vez la labor de operadores judiciales, estudiantes, docentes, referentes territoriales e institucionales en la tarea colectiva de extensi\u00f3n, en este contexto particular de emergencia sanitaria que m\u00e1s nos requiere.<\/p>\n<p>La acci\u00f3n de extensi\u00f3n fue aprobada por la Facultad de Trabajo Social UNER mediante Resoluci\u00f3n 068\/2020\u00a0 y la participaci\u00f3n de la Oficina de Violencia de G\u00e9nero fue autorizada por Resol. Trib. Sup.\u00a0 N\u00b0 36\/20 del 27.4.2020, y se ejecutar\u00e1\u00a0 hasta julio del corriente a\u00f1o.<\/p>\n<p>&nbsp;<\/p>\n<p><strong>Links en redes sociales para denuncias<\/strong><\/p>\n<p>El formulario de denuncia para casos de v\u00edctimas de violencia familiar o contra la mujer est\u00e1 disponible en la web del Poder Judicial en el enlace https:\/\/forms.gle\/hyxURJBceDqeSjGt9.<\/p>\n<p>El video de difusi\u00f3n del Formulario de Denuncia Judicial de Violencia, que facilita la informaci\u00f3n y accesibiliza el ingreso al formulario, se puede visualizar en el siguiente enlace https:\/\/www.facebook.com\/EnCasaSinViolencia\/videos\/894422854304785\/<\/p>\n<p>Para informaci\u00f3n puede consultarse la p\u00e1gina en facebook #MeQuedoEnCasa #SinViolencia, la que se puede visualizar en: https:\/\/www.facebook.com\/EnCasaSinViolencia\/?epa=SEARCH_BOX<\/p>\n<p>En Instagram @encasasinviolencia<\/p>\n<p>Se invita, por este medio,\u00a0 a todos los ciudadanos a participar de las campa\u00f1as de prevenci\u00f3n de las violencias y de difusi\u00f3n del formulario, y a concretar denuncias en caso de tener conocimiento de estos hechos.<\/p>\n","protected":false},"excerpt":{"rendered":"<p>Debido al aumento de situaciones de violencia familiar y contra la mujer durante la cuarentena sanitaria por Covid-19, la Oficina de Violencia de G\u00e9nero del Superior Tribunal de Justicia de Entre R\u00edos (STJER) y la Facultad de Trabajo Social de la UNER desarrollan, de manera conjunta, una acci\u00f3n de extensi\u00f3n de emergencia hasta el mes de julio para prevenir y abordar estas situaciones &nbsp; &nbsp; La acci\u00f3n que se implementa bajo el hashtag #Mequedoencasa#Sinviolencia, se dar\u00e1 difusi\u00f3n a campa\u00f1as de prevenci\u00f3n de situaciones de violencia familiar y contra la mujer&#8230;<\/p>\n","protected":false},"author":3,"featured_media":61073,"comment_status":"closed","ping_status":"closed","sticky":false,"template":"","format":"standard","meta":[],"categories":[15],"tags":[],"_links":{"self":[{"href":"https:\/\/www.actualidadadiario.com\/index.php\/wp-json\/wp\/v2\/posts\/61072"}],"collection":[{"href":"https:\/\/www.actualidadadiario.com\/index.php\/wp-json\/wp\/v2\/posts"}],"about":[{"href":"https:\/\/www.actualidadadiario.com\/index.php\/wp-json\/wp\/v2\/types\/post"}],"author":[{"embeddable":true,"href":"https:\/\/www.actualidadadiario.com\/index.php\/wp-json\/wp\/v2\/users\/3"}],"replies":[{"embeddable":true,"href":"https:\/\/www.actualidadadiario.com\/index.php\/wp-json\/wp\/v2\/comments?post=61072"}],"version-history":[{"count":1,"href":"https:\/\/www.actualidadadiario.com\/index.php\/wp-json\/wp\/v2\/posts\/61072\/revisions"}],"predecessor-version":[{"id":61074,"href":"https:\/\/www.actualidadadiario.com\/index.php\/wp-json\/wp\/v2\/posts\/61072\/revisions\/61074"}],"wp:featuredmedia":[{"embeddable":true,"href":"https:\/\/www.actualidadadiario.com\/index.php\/wp-json\/wp\/v2\/media\/61073"}],"wp:attachment":[{"href":"https:\/\/www.actualidadadiario.com\/index.php\/wp-json\/wp\/v2\/media?parent=61072"}],"wp:term":[{"taxonomy":"category","embeddable":true,"href":"https:\/\/www.actualidadadiario.com\/index.php\/wp-json\/wp\/v2\/categories?post=61072"},{"taxonomy":"post_tag","embeddable":true,"href":"https:\/\/www.actualidadadiario.com\/index.php\/wp-json\/wp\/v2\/tags?post=61072"}],"curies":[{"name":"wp","href":"https:\/\/api.w.org\/{rel}","templated":true}]}}