{"id":61067,"date":"2020-05-07T13:12:08","date_gmt":"2020-05-07T16:12:08","guid":{"rendered":"https:\/\/www.actualidadadiario.com\/?p=61067"},"modified":"2020-05-07T13:12:08","modified_gmt":"2020-05-07T16:12:08","slug":"se-reactivo-el-sistema-integrado-de-puertos-con-un-estricto-protocolo-sanitario","status":"publish","type":"post","link":"https:\/\/www.actualidadadiario.com\/index.php\/2020\/05\/07\/se-reactivo-el-sistema-integrado-de-puertos-con-un-estricto-protocolo-sanitario\/","title":{"rendered":"Se reactiv\u00f3 el sistema integrado de puertos con un estricto protocolo sanitario"},"content":{"rendered":"<p style=\"text-align: center;\"><em><strong>El gobernador Gustavo Bordet estuvo este mi\u00e9rcoles en el Puerto de Ibicuy donde una embarcaci\u00f3n con destino a China carga m\u00e1s de 50.000 toneladas de madera proveniente de Entre R\u00edos y Corrientes<\/strong><\/em><\/p>\n<p>&nbsp;<\/p>\n<p>&nbsp;<\/p>\n<p>Son m\u00e1s de 100 operarios los que trabajan en este embarque, y la provincia cumple un estricto protocolo sanitario que fue tomado como modelo en todo el pa\u00eds. &#8220;Se trabaja con otros operadores para retomar a pleno con el sistema portuario&#8221;, sostuvo Bordet.<\/p>\n<p>El gobernador Gustavo Bordet asegur\u00f3 que &#8220;es muy importante darle continuidad a la actividad portuaria. Algo que nos planteamos como ejes de gesti\u00f3n. Esto significa generar trabajos en lugares como en Ibicuy que siempre hay expectativas en la apertura de puertos. Hemos hecho un trabajo intenso y hoy estamos saliendo a China con rollizos de pino a granel. Se est\u00e1 programando otros tipos de embarques con arroz para este a\u00f1o&#8221;, adelant\u00f3.<\/p>\n<p>Coment\u00f3 luego que &#8220;se trabaj\u00f3 con otros operadores para poner a full todo lo que es el sistema portuario, integrado por Concepci\u00f3n del Uruguay y Ibicuy. Lo importante es esta madera que vienen de Corrientes en tren, y tambi\u00e9n se habilita el ramal que llega hasta Holt Ibicuy. Esto genera una actividad complementaria. El ramal llegar\u00e1 directo desde Posada con posibilidad de hacer carga en Paraguay. Esto amplia mucho m\u00e1s el horizonte&#8221;, asegur\u00f3 el mandatario.<\/p>\n<p>\u201cEstoy muy satisfecho porque hoy aqu\u00ed hay cerca de 100 operarios que trabajan en el puerto y en un momento complejo es una gran ayuda&#8221;, remarc\u00f3.<\/p>\n<p>En cuanto al protocolo que se implementa, Bordet precis\u00f3 que &#8220;hay un protocolo muy estricto en puertos que se establece de manera precisa para cada persona que ingresa y que tiene que cumplir absolutamente con todas las normas de seguridad y de higiene por la pandemia que estamos viviendo&#8221;. Record\u00f3 luego que el protocolo que aplica Entre R\u00edos fue tomado como modelo para otros lugares del pa\u00eds.<\/p>\n<p>Por su parte, el intendente de Ibicuy, Gustavo Roldan, destac\u00f3 la posibilidad de seguir trabajando en algunas actividades a pesar de la pandemia. &#8220;Celebro la decisi\u00f3n del gobernador de llevar a cabo estas actividades y de darle al puerto de Ibicuy la importancia que tantos a\u00f1os hemos esperado, al igual que el senador Daniel Olano que se preocup\u00f3 por este tema&#8221;, sostuvo.<\/p>\n<p>En tanto, el senador Daniel Olano destac\u00f3 que esta actividad nos da tranquilidad y previsibilidad hacia el futuro. &#8220;Se sigui\u00f3 trabajando y hemos cumplido el protocolo que dispuso el COES. No hemos tenido problema ni en Concepci\u00f3n del Uruguay ni en Ibicuy. Los intendentes han puesto lo suyo para lo que es el control en todo el departamento para que no haya casos y se lleve tranquilidad a las familias que se puede trabajar porque est\u00e1n dadas las condiciones de seguridad&#8221;, remarc\u00f3.<\/p>\n<p>Por \u00faltimo, el legislador indic\u00f3 que la tripulaci\u00f3n del barco no desciende a tierra. &#8220;Nadie sube ni nadie baja. Esa es otra garant\u00eda que le damos a la poblaci\u00f3n&#8221;, concluy\u00f3.<\/p>\n<p>Presenciaron la carga en el Puerto de Ibicuy el gobernador Gustavo Bordet, junto al intendente de Ibicuy, Gustavo Roldan; el ministro de Producci\u00f3n, Juan Jose Bahillo; los legisladores Daniel Olano y Mart\u00edn Anguiano; el subsecretario de Puertos y V\u00edas Navegables de la Naci\u00f3n, Leonardo Cabrera; el director Puerto Ibicuy, Natalio Gerdaux; y el coordinador general del Ipper y OPIP del Puerto Ibicuy, Mario Serpa. Luego el mandatario recorri\u00f3 las 14 viviendas que est\u00e1 realizando en Ibicuy la provincia con recursos propios a trav\u00e9s del Instituto Aut\u00e1rquico de Planeamiento y Vivienda (IAPV).<\/p>\n<p>&nbsp;<\/p>\n<p><strong>Carga<\/strong><\/p>\n<p>El pa\u00eds de origen del barco es Nueva Zelanda y parti\u00f3 el 9 de abril vac\u00edo. Estuvo en Concepci\u00f3n del Uruguay y carg\u00f3 18.600 toneladas. En Puerto Ibicuy se completar\u00e1 con 34.000 toneladas m\u00e1s de rollizo de pino a granel con destino a China. Los rollizos provienen de Entre R\u00edos y Corrientes, y llegan al Puerto Ibicuy por tren con los recaudos tambi\u00e9n estipulados en el protocolo.<\/p>\n<p>&nbsp;<\/p>\n<p><strong>El protocolo<\/strong><\/p>\n<p>El protocolo Covid 19 que contempla directivas establecidas por el Ministerio de Transporte, a trav\u00e9s de la Subsecretar\u00eda de Puertos y V\u00edas Navegables. Las directivas incluyen medidas sanitarias y de higiene para preservar la salud de los operarios y los que ingresar a realizar actividades al puerto. Las medidas son la toma de temperatura por parte del Servicio de Enfermer\u00eda que se implement\u00f3; lavado de manos y la colocaci\u00f3n de barbijo y guantes de latex.<\/p>\n<p>&nbsp;<\/p>\n<p><strong>Viviendas<\/strong><\/p>\n<p>Tras la visita al puerto, el mandatario recorri\u00f3 las 14 viviendas que se est\u00e1n construyendo en Ibicuy en el marco del Programa Primero tu casa que se financian 100 por ciento con recursos provinciales. Las mismas ya est\u00e1n finalizadas. Tuvieron una inversi\u00f3n superior a los 12 millones de pesos y las ejecut\u00f3 la empresa entrerriana El S\u00faper de la Construcci\u00f3n.<\/p>\n","protected":false},"excerpt":{"rendered":"<p>El gobernador Gustavo Bordet estuvo este mi\u00e9rcoles en el Puerto de Ibicuy donde una embarcaci\u00f3n con destino a China carga m\u00e1s de 50.000 toneladas de madera proveniente de Entre R\u00edos y Corrientes &nbsp; &nbsp; Son m\u00e1s de 100 operarios los que trabajan en este embarque, y la provincia cumple un estricto protocolo sanitario que fue tomado como modelo en todo el pa\u00eds. &#8220;Se trabaja con otros operadores para retomar a pleno con el sistema portuario&#8221;, sostuvo Bordet. El gobernador Gustavo Bordet asegur\u00f3 que &#8220;es muy importante darle continuidad a la&#8230;<\/p>\n","protected":false},"author":3,"featured_media":61068,"comment_status":"closed","ping_status":"closed","sticky":false,"template":"","format":"standard","meta":[],"categories":[15],"tags":[],"_links":{"self":[{"href":"https:\/\/www.actualidadadiario.com\/index.php\/wp-json\/wp\/v2\/posts\/61067"}],"collection":[{"href":"https:\/\/www.actualidadadiario.com\/index.php\/wp-json\/wp\/v2\/posts"}],"about":[{"href":"https:\/\/www.actualidadadiario.com\/index.php\/wp-json\/wp\/v2\/types\/post"}],"author":[{"embeddable":true,"href":"https:\/\/www.actualidadadiario.com\/index.php\/wp-json\/wp\/v2\/users\/3"}],"replies":[{"embeddable":true,"href":"https:\/\/www.actualidadadiario.com\/index.php\/wp-json\/wp\/v2\/comments?post=61067"}],"version-history":[{"count":1,"href":"https:\/\/www.actualidadadiario.com\/index.php\/wp-json\/wp\/v2\/posts\/61067\/revisions"}],"predecessor-version":[{"id":61069,"href":"https:\/\/www.actualidadadiario.com\/index.php\/wp-json\/wp\/v2\/posts\/61067\/revisions\/61069"}],"wp:featuredmedia":[{"embeddable":true,"href":"https:\/\/www.actualidadadiario.com\/index.php\/wp-json\/wp\/v2\/media\/61068"}],"wp:attachment":[{"href":"https:\/\/www.actualidadadiario.com\/index.php\/wp-json\/wp\/v2\/media?parent=61067"}],"wp:term":[{"taxonomy":"category","embeddable":true,"href":"https:\/\/www.actualidadadiario.com\/index.php\/wp-json\/wp\/v2\/categories?post=61067"},{"taxonomy":"post_tag","embeddable":true,"href":"https:\/\/www.actualidadadiario.com\/index.php\/wp-json\/wp\/v2\/tags?post=61067"}],"curies":[{"name":"wp","href":"https:\/\/api.w.org\/{rel}","templated":true}]}}