{"id":61064,"date":"2020-05-07T13:11:17","date_gmt":"2020-05-07T16:11:17","guid":{"rendered":"https:\/\/www.actualidadadiario.com\/?p=61064"},"modified":"2020-05-07T13:11:17","modified_gmt":"2020-05-07T16:11:17","slug":"reactivaran-obras-en-ruta-18-y-completaran-la-circunvalacion-en-parana","status":"publish","type":"post","link":"https:\/\/www.actualidadadiario.com\/index.php\/2020\/05\/07\/reactivaran-obras-en-ruta-18-y-completaran-la-circunvalacion-en-parana\/","title":{"rendered":"Reactivar\u00e1n obras en Ruta 18 y completar\u00e1n la Circunvalaci\u00f3n en Paran\u00e1"},"content":{"rendered":"<p style=\"text-align: center;\"><em><strong>&#8220;En 60 o 90 d\u00edas arrancaremos con la Circunvalaci\u00f3n, a lo que se suma la reactivaci\u00f3n de la Ruta 18, un viaducto que la provincia ped\u00eda reactivar porque hace dos a\u00f1os que est\u00e1 paralizada&#8221;, destac\u00f3 el ministro Katopodis<\/strong><\/em><\/p>\n<p>&nbsp;<\/p>\n<p>&nbsp;<\/p>\n<p>&#8220;En 60 o 90 d\u00edas arrancaremos con la obra&#8221;, asegur\u00f3 el ministro de Obras P\u00fablicas de la Naci\u00f3n, Gabriel Katopodis, durante una recorrida, junto al gobernador Gustavo Bordet, de la Circunvalaci\u00f3n de Paran\u00e1. Tambi\u00e9n anunci\u00f3 que se continuar\u00e1n &#8220;cuatro tramos de ruta 18 que est\u00e1n paradas hace cuatro a\u00f1os&#8221;.<\/p>\n<p>&#8220;Es una obra que fue priorizada por el gobernador y con la que nos comprometimos en febrero, que se licit\u00f3 y ya est\u00e1 adjudicada&#8221;, destac\u00f3 el ministro.<\/p>\n<p>&#8220;En 60 o 90 d\u00edas arrancaremos con esta obra tan importante, a lo que se suma la reactivaci\u00f3n de la Ruta 18, un viaducto que la provincia nos ven\u00eda pidi\u00e9ndonos reactivar porque hace dos a\u00f1os que est\u00e1 paralizada&#8221;, agreg\u00f3 al comentar que &#8220;se suman obras h\u00eddricas de saneamiento en los municipios&#8221;.<\/p>\n<p>&#8220;La presencia del gobierno nacional con la provincial es fundamental para reactivar la obra p\u00fablica que genera empleo y para asegurar que se cumplan los protocolos para garantizar el cuidado y la salud de todos los trabajadores de la construcci\u00f3n en cada uno de estos proyectos&#8221;, remarc\u00f3 el ministro de la Naci\u00f3n.<\/p>\n<p>El funcionario nacional estuvo junto al gobernador Gustavo Bordet, el intendente Ad\u00e1n Bahl, el secretario de Obras P\u00fablicas, Mart\u00edn Gill, y el titular del Enhosa, Enrique Cresto. Acompa\u00f1aron, adem\u00e1s, los legisladores Blanca Osuna y Marcelo Casaretto.<\/p>\n","protected":false},"excerpt":{"rendered":"<p>&#8220;En 60 o 90 d\u00edas arrancaremos con la Circunvalaci\u00f3n, a lo que se suma la reactivaci\u00f3n de la Ruta 18, un viaducto que la provincia ped\u00eda reactivar porque hace dos a\u00f1os que est\u00e1 paralizada&#8221;, destac\u00f3 el ministro Katopodis &nbsp; &nbsp; &#8220;En 60 o 90 d\u00edas arrancaremos con la obra&#8221;, asegur\u00f3 el ministro de Obras P\u00fablicas de la Naci\u00f3n, Gabriel Katopodis, durante una recorrida, junto al gobernador Gustavo Bordet, de la Circunvalaci\u00f3n de Paran\u00e1. Tambi\u00e9n anunci\u00f3 que se continuar\u00e1n &#8220;cuatro tramos de ruta 18 que est\u00e1n paradas hace cuatro a\u00f1os&#8221;. &#8220;Es&#8230;<\/p>\n","protected":false},"author":3,"featured_media":61065,"comment_status":"closed","ping_status":"closed","sticky":false,"template":"","format":"standard","meta":[],"categories":[9],"tags":[],"_links":{"self":[{"href":"https:\/\/www.actualidadadiario.com\/index.php\/wp-json\/wp\/v2\/posts\/61064"}],"collection":[{"href":"https:\/\/www.actualidadadiario.com\/index.php\/wp-json\/wp\/v2\/posts"}],"about":[{"href":"https:\/\/www.actualidadadiario.com\/index.php\/wp-json\/wp\/v2\/types\/post"}],"author":[{"embeddable":true,"href":"https:\/\/www.actualidadadiario.com\/index.php\/wp-json\/wp\/v2\/users\/3"}],"replies":[{"embeddable":true,"href":"https:\/\/www.actualidadadiario.com\/index.php\/wp-json\/wp\/v2\/comments?post=61064"}],"version-history":[{"count":1,"href":"https:\/\/www.actualidadadiario.com\/index.php\/wp-json\/wp\/v2\/posts\/61064\/revisions"}],"predecessor-version":[{"id":61066,"href":"https:\/\/www.actualidadadiario.com\/index.php\/wp-json\/wp\/v2\/posts\/61064\/revisions\/61066"}],"wp:featuredmedia":[{"embeddable":true,"href":"https:\/\/www.actualidadadiario.com\/index.php\/wp-json\/wp\/v2\/media\/61065"}],"wp:attachment":[{"href":"https:\/\/www.actualidadadiario.com\/index.php\/wp-json\/wp\/v2\/media?parent=61064"}],"wp:term":[{"taxonomy":"category","embeddable":true,"href":"https:\/\/www.actualidadadiario.com\/index.php\/wp-json\/wp\/v2\/categories?post=61064"},{"taxonomy":"post_tag","embeddable":true,"href":"https:\/\/www.actualidadadiario.com\/index.php\/wp-json\/wp\/v2\/tags?post=61064"}],"curies":[{"name":"wp","href":"https:\/\/api.w.org\/{rel}","templated":true}]}}