{"id":61062,"date":"2020-05-07T13:07:32","date_gmt":"2020-05-07T16:07:32","guid":{"rendered":"https:\/\/www.actualidadadiario.com\/?p=61062"},"modified":"2020-05-07T13:07:32","modified_gmt":"2020-05-07T16:07:32","slug":"piden-extremar-las-medidas-de-control-ante-la-habilitacion-de-actividades","status":"publish","type":"post","link":"https:\/\/www.actualidadadiario.com\/index.php\/2020\/05\/07\/piden-extremar-las-medidas-de-control-ante-la-habilitacion-de-actividades\/","title":{"rendered":"Piden extremar las medidas de control ante la habilitaci\u00f3n de actividades"},"content":{"rendered":"<p style=\"text-align: center;\"><em><strong>Desde el Ministerio de Salud se indic\u00f3 que la flexibilizaci\u00f3n de la cuarentena conlleva mayor circulaci\u00f3n de personas y por ende del virus<\/strong><\/em><\/p>\n<p>&nbsp;<\/p>\n<p>&nbsp;<\/p>\n<p>Por ese se reclam\u00f3 un adecuado control por parte de los municipios y el cumplimiento de los protocolos de la poblaci\u00f3n para continuar con el control sobre la pandemia en la provincia.<\/p>\n<p>El subsecretario de Redes Integradas de Salud, Marcos Bachetti, actualiz\u00f3 la situaci\u00f3n epidemiol\u00f3gica de la provincia. En la conferencia de prensa virtual de este mi\u00e9rcoles se refiri\u00f3 a los dos casos nuevos confirmados el martes y dijo que en total en la provincia hay 29 casos en total. Explic\u00f3 que esos dos \u00faltimos tienen estrecha relaci\u00f3n con los dos casos de d\u00edas anteriores de las localidades de Gualeguaych\u00fa y Larroque.<\/p>\n<p>Detall\u00f3 que son casos estrechos que se convirtieron en sospechosos y que dieron positivo al hisopado, y aclar\u00f3 la diferencia entre contacto estrecho y casos sospechosos: \u201cEl contacto estrecho epidemiol\u00f3gicamente se refiere a la persona que ha tenido contacto con un caso positivo, pero el caso sospechoso se refiere a este contacto estrecho cuando comienza con sintomatolog\u00eda en los d\u00edas subsiguiente a este contacto. Eso es importante aclarar a la hora de tener los criterios de cu\u00e1ndo se hace un hisopado y cu\u00e1ndo hay que esperar\u201d.<\/p>\n<p>Indic\u00f3 que en el caso de cualquier contacto estrecho la Direcci\u00f3n de Epidemiologia est\u00e1 en contacto con ellos y toma las medidas de aislamiento estrictas sobre el caso.<\/p>\n<p>&nbsp;<\/p>\n<p><strong>Mayor Control<\/strong><\/p>\n<p>Por otra parte, Bachetti indic\u00f3 que el pico de la pandemia se ha retrasado en virtud de las medidas de aislamiento que han aplanado la curva de contagios, pero advirti\u00f3 que con la habilitaci\u00f3n de actividades habr\u00e1 un incremento de casos debido a que el virus circula m\u00e1s cuando mayor es el movimiento de personas. \u201cPor eso hacemos mucho hincapi\u00e9 de las medidas de control que est\u00e9n a cargo de los municipios. En esto hay responsabilidades individuales en hacer lo que est\u00e1 establecido y tambi\u00e9n en el control de los municipios sobre las actividades que se van habilitando\u201d, dijo Bachetti.<\/p>\n<p>En relaci\u00f3n a las salidas de esparcimiento, dijo que se habilitan en virtud de las solicitudes de los municipios, como sucedi\u00f3 con Cerrito, y que las mismas deben estar acompa\u00f1adas con el protocolo respectivo.<\/p>\n<p>Por \u00faltimo, agradeci\u00f3 a todos los entrerrianos que han respetado la cuarentena y llam\u00f3 a la reflexi\u00f3n y responsabilidad en esta nueva etapa de la cuarentena que conlleva mayor flexibilizaci\u00f3n y por lo tanto m\u00e1s circulaci\u00f3n de personas. \u201cEs una responsabilidad individual pero en b\u00fasqueda del bien colectivo. Debemos redoblar los esfuerzos, respetar las normas, garantizar los correctos cuidados que est\u00e1n bajo protocolos \u201c, complet\u00f3 Bachetti.<\/p>\n","protected":false},"excerpt":{"rendered":"<p>Desde el Ministerio de Salud se indic\u00f3 que la flexibilizaci\u00f3n de la cuarentena conlleva mayor circulaci\u00f3n de personas y por ende del virus &nbsp; &nbsp; Por ese se reclam\u00f3 un adecuado control por parte de los municipios y el cumplimiento de los protocolos de la poblaci\u00f3n para continuar con el control sobre la pandemia en la provincia. El subsecretario de Redes Integradas de Salud, Marcos Bachetti, actualiz\u00f3 la situaci\u00f3n epidemiol\u00f3gica de la provincia. En la conferencia de prensa virtual de este mi\u00e9rcoles se refiri\u00f3 a los dos casos nuevos confirmados&#8230;<\/p>\n","protected":false},"author":3,"featured_media":56209,"comment_status":"closed","ping_status":"closed","sticky":false,"template":"","format":"standard","meta":[],"categories":[9],"tags":[],"_links":{"self":[{"href":"https:\/\/www.actualidadadiario.com\/index.php\/wp-json\/wp\/v2\/posts\/61062"}],"collection":[{"href":"https:\/\/www.actualidadadiario.com\/index.php\/wp-json\/wp\/v2\/posts"}],"about":[{"href":"https:\/\/www.actualidadadiario.com\/index.php\/wp-json\/wp\/v2\/types\/post"}],"author":[{"embeddable":true,"href":"https:\/\/www.actualidadadiario.com\/index.php\/wp-json\/wp\/v2\/users\/3"}],"replies":[{"embeddable":true,"href":"https:\/\/www.actualidadadiario.com\/index.php\/wp-json\/wp\/v2\/comments?post=61062"}],"version-history":[{"count":1,"href":"https:\/\/www.actualidadadiario.com\/index.php\/wp-json\/wp\/v2\/posts\/61062\/revisions"}],"predecessor-version":[{"id":61063,"href":"https:\/\/www.actualidadadiario.com\/index.php\/wp-json\/wp\/v2\/posts\/61062\/revisions\/61063"}],"wp:featuredmedia":[{"embeddable":true,"href":"https:\/\/www.actualidadadiario.com\/index.php\/wp-json\/wp\/v2\/media\/56209"}],"wp:attachment":[{"href":"https:\/\/www.actualidadadiario.com\/index.php\/wp-json\/wp\/v2\/media?parent=61062"}],"wp:term":[{"taxonomy":"category","embeddable":true,"href":"https:\/\/www.actualidadadiario.com\/index.php\/wp-json\/wp\/v2\/categories?post=61062"},{"taxonomy":"post_tag","embeddable":true,"href":"https:\/\/www.actualidadadiario.com\/index.php\/wp-json\/wp\/v2\/tags?post=61062"}],"curies":[{"name":"wp","href":"https:\/\/api.w.org\/{rel}","templated":true}]}}