{"id":61057,"date":"2020-05-06T12:43:25","date_gmt":"2020-05-06T15:43:25","guid":{"rendered":"https:\/\/www.actualidadadiario.com\/?p=61057"},"modified":"2020-05-06T12:43:25","modified_gmt":"2020-05-06T15:43:25","slug":"bolsonaro-mando-a-callar-a-periodistas-y-nego-interferir-en-la-policia","status":"publish","type":"post","link":"https:\/\/www.actualidadadiario.com\/index.php\/2020\/05\/06\/bolsonaro-mando-a-callar-a-periodistas-y-nego-interferir-en-la-policia\/","title":{"rendered":"Bolsonaro mand\u00f3 a callar a periodistas y neg\u00f3 interferir en la Polic\u00eda"},"content":{"rendered":"<p style=\"text-align: center;\"><em><strong>El mandatario llam\u00f3 &#8220;canalla&#8221; al diario Folha de S\u00e3o Paulo por vincular el cese del jefe policial de R\u00edo de Janeiro, que investiga a la familia presidencial, con la asunci\u00f3n del nuevo titular de la Polic\u00eda Federal<\/strong><\/em><\/p>\n<p>&nbsp;<\/p>\n<p>El presidente de Brasil, Jair Bolsonaro, volvi\u00f3 a negar que pretenda interferir en la Polic\u00eda Federal (PF), tal como denunci\u00f3 el exministro de Justicia Sergio Moro, y sin aceptar preguntas mand\u00f3 a los periodistas a &#8220;callarse la boca&#8221;. Al ingresar al Palacio de la Alvorada, su residencia oficial en Brasilia, el presidente salud\u00f3 a un peque\u00f1o grupo de simpatizantes y llam\u00f3 &#8220;canalla&#8221; al diario Folha de San Pablo por vincular el cese del jefe policial de R\u00edo de Janeiro (que investiga a la familia presidencial) con la asunci\u00f3n del nuevo titular de la Polic\u00eda Federal, el comisario Rolando Alexandre de Souza, hombre cercano al mandatario. Bolsonaro est\u00e1 en la mira hace varios d\u00edas por los pol\u00e9micos cambios en la c\u00fapula policial, hecho que motiv\u00f3 la renuncia de Moro. En medio de la crisis pol\u00edtica, Brasil contin\u00faa siendo el pa\u00eds de Latinoam\u00e9rica con mayor cantidad de contagios y muertes por coronavirus: a la fecha registra 107.780 casos confirmados y 7.321 fallecimientos, de acuerdo a los datos suministrados por el ministerio de Salud.<\/p>\n<p>&#8220;Qu\u00e9 prensa canalla es Folha de S\u00e3o Paulo&#8230; canalla es un elogio&#8221;, afirm\u00f3 el mandatario sosteniendo un ejemplar en la mano. El segundo diario de mayor circulaci\u00f3n del pa\u00eds hab\u00eda se\u00f1alado que como primera medida luego de su asunci\u00f3n, el flamante director de la PF, Rolando de Souza, decidi\u00f3 cambiar al superintendente de la fuerza investigadora en R\u00edo de Janeiro, lo que, seg\u00fan Folha, confirmar\u00eda la &#8220;interferencia pol\u00edtica&#8221; denunciada por Moro al dejar el gobierno. Moro asegur\u00f3 que Bolsonaro considera la jefatura de la Polic\u00eda como un puesto clave y, por eso, reemplaz\u00f3 a su titular por alguien de su absoluta confianza.<\/p>\n<p>En R\u00edo de Janeiro, la Fiscal\u00eda investiga al senador Flavio Bolsonaro, hijo del presidente, por supuesto lavado de dinero y desv\u00edo de bienes p\u00fablicos para las bandas parapoliciales o milicias, como se las conoce en Brasil. Pese a esta investigaci\u00f3n, Bolsonaro rechaz\u00f3 haber removido al jefe de la Polic\u00eda en R\u00edo &#8220;por asuntos familiares&#8221; y asegur\u00f3, a pesar de las evidencias, que &#8220;ninguno de sus parientes&#8221; est\u00e1 siendo investigado. &#8220;Es una mentira que la prensa replica todo el tiempo&#8221;, se defendi\u00f3.<\/p>\n<p>Sin abandonar el tono amenazante, Bolsonaro explic\u00f3 que el cese del superintendente del organismo en R\u00edo de Janeiro, Carlos Henrique Oliveira, fue decidido por de Souza para permitirle de esa forma el ascenso como subdirector nacional de la Polic\u00eda. El mandatario insisti\u00f3 en que si &#8220;tuviera algo&#8221; contra Oliveira no habr\u00eda sido promocionado al cargo de &#8220;segundo&#8221; de ese organismo policial, y se irrit\u00f3 con los periodistas que intentaron hacerle preguntas al respecto.<\/p>\n<p>Bolsonaro nombr\u00f3 el lunes como nuevo jefe de la PF a Alexandre de Souza, a quien los medios locales consideran como la mano derecha de Alexandre Ramagem. El propio Ramagem hab\u00eda sido vetado para el mismo cargo la semana pasada por el Supremo Tribunal Federal, por tratarse de un amigo que pod\u00eda llegar a interferir en investigaciones sobre los hijos del mandatario.<\/p>\n<p>De Souza reemplaza a Mauricio Valeixo, cuya destituci\u00f3n provoc\u00f3 la salida del gobierno de Moro y una nueva crisis pol\u00edtica en el pa\u00eds, en plena pandemia de coronavirus. La Corte Suprema abri\u00f3 una investigaci\u00f3n sobre las denuncias de Moro a pedido del fiscal general, que pidi\u00f3 tambi\u00e9n investigar si el exjuez de la Operaci\u00f3n Lava Jato cometi\u00f3 delitos.<\/p>\n<p>En concreto, la Fiscal\u00eda Federal solicit\u00f3 autorizaci\u00f3n al Tribunal Supremo para entrevistar a miembros del equipo de Bolsonaro con el objetivo de esclarecer las acusaciones de Moro sobre las presuntas injerencias en la PF. Adem\u00e1s, la Fiscal\u00eda solicit\u00f3 la grabaci\u00f3n de la reuni\u00f3n del gobierno en la que supuestamente el presidente presion\u00f3 a Moro para que interceda en pesquisas policiales.<\/p>\n<p>&#8220;Yo no interfer\u00ed en nada, si yo tuviera injerencia en la Polic\u00eda Federal no ir\u00eda a donde est\u00e1 yendo, yo no interfiero&#8221;, insisti\u00f3 Bolsonaro a los gritos este martes. &#8220;Callate la boca&#8221;, grit\u00f3 al menos en tres ocasiones, frente a los frustrados intentos de los periodistas por preguntar sobre ese asunto. &#8220;Prensa canalla, mentirosa&#8221;, insisti\u00f3 antes de dejar el lugar, aplaudido por una treintena de seguidores que tambi\u00e9n agredieron verbalmente a los trabajadores de prensa.<\/p>\n<p>El pasado domingo, adem\u00e1s de recibir insultos, por lo menos dos fot\u00f3grafos fueron golpeados cuando cubr\u00edan un acto organizado por seguidores de Bolsonaro, al que asisti\u00f3 el propio mandatario y en el que se pidi\u00f3, sin rodeos, el cierre de la Corte Suprema y del Parlamento. Las agresiones a los periodistas recibieron la condena de todos los partidos pol\u00edticos y organizaciones gremiales, y hasta el ministerio de Defensa emiti\u00f3 una nota oficial en la cual afirm\u00f3 que &#8220;toda agresi\u00f3n a profesionales de la prensa es inaceptable&#8221;.<\/p>\n<p>La Fiscal\u00eda General se manifest\u00f3 en el mismo sentido y orden\u00f3 investigar lo ocurrido ese d\u00eda. El fiscal Augusto Aras, sostuvo el lunes que las agresiones sufridas por reporteros y fot\u00f3grafos fueron de &#8220;elevada gravedad, considerada la dimensi\u00f3n constitucional de la libertad de prensa&#8221;, algo que Aras calific\u00f3 de &#8220;elemento integrante del n\u00facleo fundamental del Estado Democr\u00e1tico de Derecho&#8221;.<\/p>\n","protected":false},"excerpt":{"rendered":"<p>El mandatario llam\u00f3 &#8220;canalla&#8221; al diario Folha de S\u00e3o Paulo por vincular el cese del jefe policial de R\u00edo de Janeiro, que investiga a la familia presidencial, con la asunci\u00f3n del nuevo titular de la Polic\u00eda Federal &nbsp; El presidente de Brasil, Jair Bolsonaro, volvi\u00f3 a negar que pretenda interferir en la Polic\u00eda Federal (PF), tal como denunci\u00f3 el exministro de Justicia Sergio Moro, y sin aceptar preguntas mand\u00f3 a los periodistas a &#8220;callarse la boca&#8221;. Al ingresar al Palacio de la Alvorada, su residencia oficial en Brasilia, el presidente&#8230;<\/p>\n","protected":false},"author":3,"featured_media":50660,"comment_status":"closed","ping_status":"closed","sticky":false,"template":"","format":"standard","meta":[],"categories":[4],"tags":[],"_links":{"self":[{"href":"https:\/\/www.actualidadadiario.com\/index.php\/wp-json\/wp\/v2\/posts\/61057"}],"collection":[{"href":"https:\/\/www.actualidadadiario.com\/index.php\/wp-json\/wp\/v2\/posts"}],"about":[{"href":"https:\/\/www.actualidadadiario.com\/index.php\/wp-json\/wp\/v2\/types\/post"}],"author":[{"embeddable":true,"href":"https:\/\/www.actualidadadiario.com\/index.php\/wp-json\/wp\/v2\/users\/3"}],"replies":[{"embeddable":true,"href":"https:\/\/www.actualidadadiario.com\/index.php\/wp-json\/wp\/v2\/comments?post=61057"}],"version-history":[{"count":1,"href":"https:\/\/www.actualidadadiario.com\/index.php\/wp-json\/wp\/v2\/posts\/61057\/revisions"}],"predecessor-version":[{"id":61058,"href":"https:\/\/www.actualidadadiario.com\/index.php\/wp-json\/wp\/v2\/posts\/61057\/revisions\/61058"}],"wp:featuredmedia":[{"embeddable":true,"href":"https:\/\/www.actualidadadiario.com\/index.php\/wp-json\/wp\/v2\/media\/50660"}],"wp:attachment":[{"href":"https:\/\/www.actualidadadiario.com\/index.php\/wp-json\/wp\/v2\/media?parent=61057"}],"wp:term":[{"taxonomy":"category","embeddable":true,"href":"https:\/\/www.actualidadadiario.com\/index.php\/wp-json\/wp\/v2\/categories?post=61057"},{"taxonomy":"post_tag","embeddable":true,"href":"https:\/\/www.actualidadadiario.com\/index.php\/wp-json\/wp\/v2\/tags?post=61057"}],"curies":[{"name":"wp","href":"https:\/\/api.w.org\/{rel}","templated":true}]}}